{"id":162248,"date":"2016-07-10T22:55:50","date_gmt":"2016-07-10T19:55:50","guid":{"rendered":"https:\/\/analyse.optim.biz\/?p=162248"},"modified":"2016-07-10T22:55:50","modified_gmt":"2016-07-10T19:55:50","slug":"psd-ameninta-iar-guvernul-cu-motiunea-de-cenzura","status":"publish","type":"post","link":"https:\/\/analyse.optim.biz\/?p=162248","title":{"rendered":"PSD amenin\u0163\u0103 iar guvernul cu mo\u0163iunea de cenzur\u0103"},"content":{"rendered":"<div class=\"entry data-app-meta data-app-meta-article\" data-embed-base-url-canonical=\"https:\/\/www.digi24.ro\/embed\/stiri\/actualitate\/politica\/psd-ameninta-iar-guvernul-cu-motiunea-de-cenzura-537161\">\n<p data-index=\"1\">\u201eMai u\u015for cu privatiz\u0103rile de dragul privatiz\u0103rilor. Dac\u0103 este o companie care este \u00een p\u0103m\u00e2nt, care este praf \u015fi pe care statul nu poate s\u0103 o rezolve sau s\u0103 o refac\u0103 profitabil\u0103, da. Dar companii care au venituri foarte mari, strategice nu avem de ce s\u0103 le vindem.<\/p>\n<p data-index=\"2\">Dac\u0103 ei incearc\u0103 s\u0103 fac\u0103 acest lucru, atunci putem convoca Parlamentul \u00eentr-o sesiune extraordinar\u0103 pentru mo\u0163iune de cenzur\u0103.<\/p>\n<p data-index=\"3\">Numai \u00een situa\u0163ia \u00een care un act al Guvernului pune \u00een pericol securitatea na\u0163ional\u0103, siguran\u0163a na\u0163ional\u0103, interesele strategice, atunci n-o s\u0103 mai st\u0103m pe g\u00e2nduri, indiferent dac\u0103 ajungem la anticipate sau nu\u201d, a declarat Liviu Dragnea \u00eentr-o emisiune tv.<\/p>\n<\/div>\n<p> Source URL: https:\/\/www.digi24.ro\/stiri\/actualitate\/politica\/psd-ameninta-iar-guvernul-cu-motiunea-de-cenzura-537161<\/p>\n","protected":false},"excerpt":{"rendered":"<p>\u201eMai u\u015for cu privatiz\u0103rile de dragul privatiz\u0103rilor. Dac\u0103 este o companie care este \u00een p\u0103m\u00e2nt, care este praf \u015fi pe care statul nu poate s\u0103 o rezolve sau s\u0103 o refac\u0103 profitabil\u0103, da. Dar companii care au venituri foarte mari, strategice nu avem de ce s\u0103 le vindem. Dac\u0103 ei incearc\u0103 s\u0103 fac\u0103 acest lucru, [&hellip;]<\/p>\n","protected":false},"author":1,"featured_media":162249,"comment_status":"open","ping_status":"","sticky":false,"template":"","format":"standard","meta":{"footnotes":""},"categories":[2],"tags":[11],"class_list":["post-162248","post","type-post","status-publish","format-standard","has-post-thumbnail","hentry","category-politics","tag-digi24"],"_links":{"self":[{"href":"https:\/\/analyse.optim.biz\/index.php?rest_route=\/wp\/v2\/posts\/162248","targetHints":{"allow":["GET"]}}],"collection":[{"href":"https:\/\/analyse.optim.biz\/index.php?rest_route=\/wp\/v2\/posts"}],"about":[{"href":"https:\/\/analyse.optim.biz\/index.php?rest_route=\/wp\/v2\/types\/post"}],"author":[{"embeddable":true,"href":"https:\/\/analyse.optim.biz\/index.php?rest_route=\/wp\/v2\/users\/1"}],"replies":[{"embeddable":true,"href":"https:\/\/analyse.optim.biz\/index.php?rest_route=%2Fwp%2Fv2%2Fcomments&post=162248"}],"version-history":[{"count":0,"href":"https:\/\/analyse.optim.biz\/index.php?rest_route=\/wp\/v2\/posts\/162248\/revisions"}],"wp:featuredmedia":[{"embeddable":true,"href":"https:\/\/analyse.optim.biz\/index.php?rest_route=\/wp\/v2\/media\/162249"}],"wp:attachment":[{"href":"https:\/\/analyse.optim.biz\/index.php?rest_route=%2Fwp%2Fv2%2Fmedia&parent=162248"}],"wp:term":[{"taxonomy":"category","embeddable":true,"href":"https:\/\/analyse.optim.biz\/index.php?rest_route=%2Fwp%2Fv2%2Fcategories&post=162248"},{"taxonomy":"post_tag","embeddable":true,"href":"https:\/\/analyse.optim.biz\/index.php?rest_route=%2Fwp%2Fv2%2Ftags&post=162248"}],"curies":[{"name":"wp","href":"https:\/\/api.w.org\/{rel}","templated":true}]}}