{"id":162245,"date":"2016-07-11T10:27:17","date_gmt":"2016-07-11T07:27:17","guid":{"rendered":"https:\/\/analyse.optim.biz\/?p=162245"},"modified":"2016-07-11T10:27:17","modified_gmt":"2016-07-11T07:27:17","slug":"clotilde-armand-daca-ar-avea-o-minima-urma-de-decenta-liviu-dragnea-s-ar-retrage-din-fruntea-psd","status":"publish","type":"post","link":"https:\/\/analyse.optim.biz\/?p=162245","title":{"rendered":"Clotilde Armand: Dac\u0103 ar avea o minim\u0103 urm\u0103 de decen\u021b\u0103, Liviu Dragnea s-ar retrage din fruntea PSD"},"content":{"rendered":"<div class=\"entry data-app-meta data-app-meta-article\" data-embed-base-url-canonical=\"https:\/\/www.digi24.ro\/embed\/stiri\/actualitate\/politica\/clotilde-armand-daca-ar-avea-o-minima-urma-de-decenta-liviu-dragnea-s-ar-retrage-din-fruntea-psd-537208\">\n<p data-index=\"1\"><img decoding=\"async\" src=\"https:\/\/analyse.optim.biz\/wp-content\/uploads\/2024\/09\/odmxy2mymzflnwfhn2zknduzogfkngq5mtkwnw-thumb_.jpg\" data-skip-htmlfix=\"1\" title=\"odmxy2mymzflnwfhn2zknduzogfkngq5mtkwnw-thumb_\"><\/p>\n<p data-index=\"2\">Clotilde Armand a precizat c\u0103 Liviu Dragnea nu este \u00een m\u0103sur\u0103 s\u0103 \u00eel critice la Dacian Ciolo\u0219, \u00eentruc\u00e2t este condamnat definitiv \u00een dosarul Referendumul \u0219i este urm\u0103rit penal \u00een alt dosar.\u00a0<\/p>\n<p data-index=\"3\">\u201e\u00cen\u0163eleg c\u0103 domnul Liviu Dragnea \u00eel critic\u0103 pe Dacian Ciolo\u015f pentru calitatea actului de guvernare \u015fi pentru modul \u00een care \u015fi-a format echipa. <strong>Ce nu \u00een\u0163eleg \u00eens\u0103 este ce mai caut\u0103 domnul Dragnea \u00een via\u0163a public\u0103<\/strong> dup\u0103 ce a fost condamnat pentru fraudarea votului la referendumul din 2012 \u015fi este urm\u0103rit penal \u00eentr-un nou dosar pentru abuz \u00een serviciu \u015fi instigare la fals intelectual, pentru c\u0103 ar fi folosit bani publici pentru a pl\u0103ti angaja\u0163i ai PSD. A\u015fa ceva este inadmisibil \u00eentr-o \u0163ar\u0103 democratic\u0103 \u015fi membr\u0103 a Uniunii Europene\u201d, a scris Clotilde Armand pe re\u021beaua de socializare.\u00a0<\/p>\n<p data-index=\"4\">De asemenea, consilierul local din partea Uniunii Salva\u021bi Bucure\u0219tiul (USB) a scris c\u0103 Liviu Dragnea ar trebui s\u0103 se retrag\u0103 din func\u021bia de lider al PSD dac\u0103 \u201ear avea o minim\u0103 urm\u0103 de decen\u021b\u0103\u201d.\u00a0<\/p>\n<p data-index=\"5\">Clotilde Aremand a atras aten\u021bia \u0219i asupra faptului c\u0103 Teleorman este unul dintre cele mai s\u0103race jude\u021be din Rom\u00e2nia, dup\u0103 16 ani \u00een care a fost condus de PSD.\u00a0<\/p>\n<p data-index=\"6\">\u201e<strong>Dac\u0103 ar avea o minim\u0103 urm\u0103 de decen\u0163\u0103, domnul Dragnea ar trebui s\u0103 se retrag\u0103 din fruntea PSD<\/strong> \u015fi s\u0103 \u00eenceteze a mai da lec\u0163ii de bun\u0103-guvernare lui Dacian Ciolo\u015f, probabil cel mai onest, competent \u015fi bine-inten\u0163ionat prim-ministru pe care l-a avut Rom\u00e2nia \u00een ultimii 25 de ani. Domnul Dragnea este un latifundiar de Teleorman care are preten\u0163ia de a conduce cel mai mare partid \u201ede st\u00e2nga\u201d al \u0163\u0103rii \u015fi care se viseaz\u0103 premier, dac\u0103 nu chiar pre\u015fedinte al Rom\u00e2niei. Despre competen\u0163ele sale administrative st\u0103 m\u0103rturie faptul c\u0103 jude\u0163ul Teleorman r\u0103m\u00e2ne printre cele mai s\u0103r\u0103ce jude\u0163e din Rom\u00e2nia, dup\u0103 16 ani de conducere ne\u00eentrerupt\u0103 de c\u0103tre PSD, dintre care <strong>12 ani cu domnul Dragnea \u00een pozi\u0163ia de pre\u015fedinte al Consiliului Jude\u0163ean.<\/strong>\u00a0\u00cen schimb, \u00een acest interval domnul Dragnea a devenit unul dintre cei mai boga\u0163i politicieni ai Rom\u00e2niei. Desigur, nu m\u0103 \u00eendoiesc c\u0103 aceast\u0103 avere a fost str\u00e2ns\u0103 din salariul de la stat al domnului Dragnea<strong>\u00a0<\/strong>\u201d, a spus Clotilde Armand.<\/p>\n<p data-index=\"7\">Consilierul USB a atras aten\u021bia c\u0103 un vot pentru Uniunea Salva\u021bi Bucure\u0219tiul\/ Rom\u00e2nia la alegerile din toamn\u0103 va \u201e\u00eensemna totodat\u0103 un vot pentru dispari\u0163ia din via\u0163a public\u0103 a unor personaje sinistre precum Liviu Dragnea\u201d.\u00a0<\/p>\n<p data-index=\"8\">Pre\u0219edintele PSD Liviu Dragnea a amenin\u021bat, din nou, Guvernul Ciolo\u0219 cu mo\u021biune de cenzur\u0103. Liderul social-democrat a spus c\u0103 dac\u0103 Guvernul \u00eencearc\u0103 s\u0103 privatizeze companii de strat considerate strategice ar putea fi pus \u00een fa\u021ba unei<a href=\"https:\/\/www.digi24.ro\/Stiri\/Digi24\/Actualitate\/Politica\/PSD+ameninta+iar+guvernul+cu+motiunea+de+cenzura\" target=\"_blank\" data-skip-linkfix=\"1\" rel=\"noopener\"> mo\u021biuni de cenzur\u0103<\/a>.<\/p>\n<\/div>\n<p> Source URL: https:\/\/www.digi24.ro\/stiri\/actualitate\/politica\/clotilde-armand-daca-ar-avea-o-minima-urma-de-decenta-liviu-dragnea-s-ar-retrage-din-fruntea-psd-537208<\/p>\n","protected":false},"excerpt":{"rendered":"<p>Clotilde Armand a precizat c\u0103 Liviu Dragnea nu este \u00een m\u0103sur\u0103 s\u0103 \u00eel critice la Dacian Ciolo\u0219, \u00eentruc\u00e2t este condamnat definitiv \u00een dosarul Referendumul \u0219i este urm\u0103rit penal \u00een alt dosar.\u00a0 \u201e\u00cen\u0163eleg c\u0103 domnul Liviu Dragnea \u00eel critic\u0103 pe Dacian Ciolo\u015f pentru calitatea actului de guvernare \u015fi pentru modul \u00een care \u015fi-a format echipa. Ce [&hellip;]<\/p>\n","protected":false},"author":1,"featured_media":162246,"comment_status":"open","ping_status":"","sticky":false,"template":"","format":"standard","meta":{"footnotes":""},"categories":[2],"tags":[11],"class_list":["post-162245","post","type-post","status-publish","format-standard","has-post-thumbnail","hentry","category-politics","tag-digi24"],"_links":{"self":[{"href":"https:\/\/analyse.optim.biz\/index.php?rest_route=\/wp\/v2\/posts\/162245","targetHints":{"allow":["GET"]}}],"collection":[{"href":"https:\/\/analyse.optim.biz\/index.php?rest_route=\/wp\/v2\/posts"}],"about":[{"href":"https:\/\/analyse.optim.biz\/index.php?rest_route=\/wp\/v2\/types\/post"}],"author":[{"embeddable":true,"href":"https:\/\/analyse.optim.biz\/index.php?rest_route=\/wp\/v2\/users\/1"}],"replies":[{"embeddable":true,"href":"https:\/\/analyse.optim.biz\/index.php?rest_route=%2Fwp%2Fv2%2Fcomments&post=162245"}],"version-history":[{"count":0,"href":"https:\/\/analyse.optim.biz\/index.php?rest_route=\/wp\/v2\/posts\/162245\/revisions"}],"wp:featuredmedia":[{"embeddable":true,"href":"https:\/\/analyse.optim.biz\/index.php?rest_route=\/wp\/v2\/media\/162246"}],"wp:attachment":[{"href":"https:\/\/analyse.optim.biz\/index.php?rest_route=%2Fwp%2Fv2%2Fmedia&parent=162245"}],"wp:term":[{"taxonomy":"category","embeddable":true,"href":"https:\/\/analyse.optim.biz\/index.php?rest_route=%2Fwp%2Fv2%2Fcategories&post=162245"},{"taxonomy":"post_tag","embeddable":true,"href":"https:\/\/analyse.optim.biz\/index.php?rest_route=%2Fwp%2Fv2%2Ftags&post=162245"}],"curies":[{"name":"wp","href":"https:\/\/api.w.org\/{rel}","templated":true}]}}