{"id":162242,"date":"2016-07-11T12:58:56","date_gmt":"2016-07-11T09:58:56","guid":{"rendered":"https:\/\/analyse.optim.biz\/?p=162242"},"modified":"2016-07-11T12:58:56","modified_gmt":"2016-07-11T09:58:56","slug":"pnl-bucuresti-va-avea-doi-sefi-adriana-saftoiu-si-cristian-busoi","status":"publish","type":"post","link":"https:\/\/analyse.optim.biz\/?p=162242","title":{"rendered":"PNL Bucure\u0219ti va avea doi \u0219efi: Adriana S\u0103ftoiu \u0219i\u00a0Cristian Bu\u015foi"},"content":{"rendered":"<div class=\"entry data-app-meta data-app-meta-article\" data-embed-base-url-canonical=\"https:\/\/www.digi24.ro\/embed\/stiri\/actualitate\/politica\/pnl-bucuresti-va-avea-doi-sefi-adriana-saftoiu-si-cristian-busoi-537290\">\n<p data-index=\"1\">\u00a0<img decoding=\"async\" src=\"https:\/\/analyse.optim.biz\/wp-content\/uploads\/2024\/09\/zyz3ptgwmczoyxnopwnlowfjotkymmeymje1mjq1owjmyzi2ztiyyzfkntfh-thumb_.jpg\" data-skip-htmlfix=\"1\" title=\"zyz3ptgwmczoyxnopwnlowfjotkymmeymje1mjq1owjmyzi2ztiyyzfkntfh-thumb_\"><\/p>\n<p data-index=\"2\">\u00cen cadrul \u0219edin\u021bei de luni urmeaz\u0103 s\u0103 fie stabilit \u0219i un termen p\u00e2n\u0103 la care s\u0103 fie nominaliza\u021bi \u0219i pre\u0219edin\u021bii organiza\u021biilor de sector ale liberalilor din Bucure\u0219ti, cel mai probabil luna viitoare. Potrivit unor surse PNL, \u00een interiorul forma\u021biunii exist\u0103 \u00eenc\u0103 disensiuni \u00een privin\u021ba criteriului care s\u0103 fie aplicat la desemnarea celor \u0219ase pre\u0219edin\u021bi de organiza\u021bii.\u00a0<\/p>\n<p data-index=\"3\">Vechiul PNL nu este de acord cu principiul parit\u0103\u021bii \u00een ocuparea locurilor de conducere ale orgniza\u021biilor locale \u0219i pledeaz\u0103 pentru alegeri interne, \u00een vreme ce gruparea care reprezint\u0103 fostul PDL dore\u0219te propulsarea unor politicieni cu notorietate \u0219i experien\u021b\u0103 \u00een mobilizarea electoratului.<\/p>\n<p data-index=\"4\">Imediat dup\u0103 alegerile locale, liderul PNL Bucure\u0219ti, C\u0103t\u0103lin Predoiu, care s-a clasat al treilea \u00een cursa pentru Prim\u0103ria Capitalei, cu un scor de 11%, \u0219i-a asumat e\u0219ecul \u0219i a demisionat din fruntea oraganiza\u021biei.<\/p>\n<p data-index=\"5\">\u00cen acela\u0219i timp, conducerea central\u0103 a PNL a decis ca to\u021bi liderii de organiza\u021bii de sector ale PNL s\u0103 demisioneze, \u00eens\u0103, potrivit unor surse din partid, singurul document depus \u00een acest sens ar fi fost semnat de Anca Boagiu, lider la sectorul 2.\u00a0<\/p>\n<p data-index=\"6\">Cristian Bu\u0219oi este sus\u021binut de vechiul PNL, este primul dintre cei patru candida\u021bi pe care liberalii i-au nominalizat de la \u00eenceputul acestui an \u00een cursa pentru postul de primar general al Bucure\u0219tilor, fiind sus\u021binut \u00een prima etap\u0103 de pre\u0219edintele Klaus Iohannis. Retragerea acestuia din curs\u0103 a fost legat\u0103 de lipsa de popularitate pe care au indicat-o sondajele de opinie \u0219i dezv\u0103luirile din pres\u0103 referitoare la posibile conflicte de interese \u00een alc\u0103tuirea averii.\u00a0<\/p>\n<p data-index=\"7\">Adriana S\u0103ftoiu, sus\u021binut\u0103 \u00een func\u021bia de pre\u0219edinte coordonator al organiza\u021biei de Bucure\u0219ti de c\u0103tre Vasile Blaga, a fost la un pas de a fi desemnat\u0103 candidata liberalilor \u00een confruntarea electoral\u0103 pentru desemnarea primarului general al Capitalei. \u00cen locul s\u0103u a fost preferat, la propunerea vechilor liberali, Marian Munteanu, cel de-al treilea candidat retras de PNL \u00een preg\u0103tirea alegerilor locale.<\/p>\n<p data-index=\"8\">Discu\u021biile despre desemnarea unor noi lideri de organiza\u021bii PNL au loc pe fondul unui proces ne\u00eencheiat \u00eenc\u0103 de fuziune \u00eentre vechiul PNL \u0219i fostul PDL \u0219i \u00een teritoriu consemn\u00e2ndu-se ne\u00een\u021belegeri la desemnarea pre\u0219edin\u021bilor de organiza\u021bii. Miza unui astfel de demers este str\u00e2ns legat\u0103 de ocuparea locurilor eligibile pe listele pentru alegerile parlamentare, unde pre\u0219edin\u021bii de organiza\u021bii au o decizie important\u0103.<\/p>\n<p data-index=\"9\"><strong>Cristian Bu\u0219oi anun\u021b\u0103 c\u0103 PSD va fi principalul adversar al PNL Bucure\u0219ti<\/strong><\/p>\n<p data-index=\"10\">Noul pre\u0219edinte al PNL Bucure\u0219ti, Cristian Bu\u0219oi, a declarat, luni, dup\u0103 nominalizarea sa \u00een func\u021bie, c\u0103 principalul adversar al forma\u021biunii sale \u00een administra\u021bia Capitalei a fost, este \u0219i va fi PSD, \u00een vreme ce USB este a\u0219teptat\u0103 la o colaborare cu liberalii.<\/p>\n<p data-index=\"11\">Bu\u0219oi a fost ales prin vot pre\u0219edinte al PNL Bucure\u0219ti, iar Adriana S\u0103ftoiu a fost aleas\u0103 prim-vicepre\u0219edinte coordonator al organiza\u021biei, \u00een cadrul \u0219edin\u021bei de luni a conducerii centrale a liberalilor.<\/p>\n<p data-index=\"12\">Noul pre\u0219edinte al organiza\u021biei bucure\u0219tene a spus c\u0103 exist\u0103 multe lucruri &#8220;profund \u00een neregul\u0103&#8221; la Prim\u0103ria Capitalei \u0219i la cele de sector, unde PSD de\u021bine majoritatea, \u0219i c\u0103 sunt \u00eenc\u0103 semne de \u00eentrebare fa\u021b\u0103 de linia pe care o vor urma liberalii \u00een administra\u021bia local\u0103 de la Capital\u0103.<\/p>\n<p data-index=\"13\">&#8220;&#8216;Principalul adversar al PNL a fost, este \u0219i va fi PSD&#8221;, a declarat Cristian Bu\u0219oi, referindu-se la direc\u021bia politic\u0103 a organiza\u021biei pe a c\u0103rei conduceri a preluat-o.<\/p>\n<p data-index=\"14\">\u00cen privin\u021ba USB, Bu\u0219oi a declarat c\u0103 a\u0219tept\u0103 s\u0103 vad\u0103 dac\u0103 se poate stabili cu forma\u021biunea condus\u0103 de Nicu\u0219or Dan o colaborare, chiar dac\u0103 aceasta nu se revendic\u0103 de la ideologia de dreapta. &#8220;Dac\u0103 nu vom avea o colaborare, vom face singuri opozi\u021bie la PSD&#8221;&#8216;, a mai spus Bu\u0219oi.<\/p>\n<p data-index=\"15\">Bu\u0219oi consider\u0103 c\u0103 Adriana S\u0103ftoiu, prim-vicepre\u0219edinte coordonator al PNL Bucure\u0219ti, are experien\u021b\u0103 \u00een comunicare \u0219i \u00een politic\u0103, iar \u00een prima \u0219edin\u021b\u0103 a noii conduceri a PNL Bucure\u0219ti, se vor stabili atribu\u021biile acesteia.<\/p>\n<\/div>\n<p> Source URL: https:\/\/www.digi24.ro\/stiri\/actualitate\/politica\/pnl-bucuresti-va-avea-doi-sefi-adriana-saftoiu-si-cristian-busoi-537290<\/p>\n","protected":false},"excerpt":{"rendered":"<p>\u00a0 \u00cen cadrul \u0219edin\u021bei de luni urmeaz\u0103 s\u0103 fie stabilit \u0219i un termen p\u00e2n\u0103 la care s\u0103 fie nominaliza\u021bi \u0219i pre\u0219edin\u021bii organiza\u021biilor de sector ale liberalilor din Bucure\u0219ti, cel mai probabil luna viitoare. Potrivit unor surse PNL, \u00een interiorul forma\u021biunii exist\u0103 \u00eenc\u0103 disensiuni \u00een privin\u021ba criteriului care s\u0103 fie aplicat la desemnarea celor \u0219ase pre\u0219edin\u021bi [&hellip;]<\/p>\n","protected":false},"author":1,"featured_media":162243,"comment_status":"open","ping_status":"","sticky":false,"template":"","format":"standard","meta":{"footnotes":""},"categories":[2],"tags":[11],"class_list":["post-162242","post","type-post","status-publish","format-standard","has-post-thumbnail","hentry","category-politics","tag-digi24"],"_links":{"self":[{"href":"https:\/\/analyse.optim.biz\/index.php?rest_route=\/wp\/v2\/posts\/162242","targetHints":{"allow":["GET"]}}],"collection":[{"href":"https:\/\/analyse.optim.biz\/index.php?rest_route=\/wp\/v2\/posts"}],"about":[{"href":"https:\/\/analyse.optim.biz\/index.php?rest_route=\/wp\/v2\/types\/post"}],"author":[{"embeddable":true,"href":"https:\/\/analyse.optim.biz\/index.php?rest_route=\/wp\/v2\/users\/1"}],"replies":[{"embeddable":true,"href":"https:\/\/analyse.optim.biz\/index.php?rest_route=%2Fwp%2Fv2%2Fcomments&post=162242"}],"version-history":[{"count":0,"href":"https:\/\/analyse.optim.biz\/index.php?rest_route=\/wp\/v2\/posts\/162242\/revisions"}],"wp:featuredmedia":[{"embeddable":true,"href":"https:\/\/analyse.optim.biz\/index.php?rest_route=\/wp\/v2\/media\/162243"}],"wp:attachment":[{"href":"https:\/\/analyse.optim.biz\/index.php?rest_route=%2Fwp%2Fv2%2Fmedia&parent=162242"}],"wp:term":[{"taxonomy":"category","embeddable":true,"href":"https:\/\/analyse.optim.biz\/index.php?rest_route=%2Fwp%2Fv2%2Fcategories&post=162242"},{"taxonomy":"post_tag","embeddable":true,"href":"https:\/\/analyse.optim.biz\/index.php?rest_route=%2Fwp%2Fv2%2Ftags&post=162242"}],"curies":[{"name":"wp","href":"https:\/\/api.w.org\/{rel}","templated":true}]}}