{"id":162239,"date":"2016-07-11T14:29:06","date_gmt":"2016-07-11T11:29:06","guid":{"rendered":"https:\/\/analyse.optim.biz\/?p=162239"},"modified":"2016-07-11T14:29:06","modified_gmt":"2016-07-11T11:29:06","slug":"demisie-la-varful-pnl-andreea-paul-nu-mai-este-prim-vicepresedinte","status":"publish","type":"post","link":"https:\/\/analyse.optim.biz\/?p=162239","title":{"rendered":"Demisie la v\u00e2rful PNL. Andreea Paul nu mai este prim-vicepre\u0219edinte"},"content":{"rendered":"<div class=\"entry data-app-meta data-app-meta-article\" data-embed-base-url-canonical=\"https:\/\/www.digi24.ro\/embed\/stiri\/actualitate\/politica\/demisie-la-varful-pnl-andreea-paul-nu-mai-este-prim-vicepresedinte-537327\">\n<p data-index=\"1\"><img decoding=\"async\" src=\"https:\/\/analyse.optim.biz\/wp-content\/uploads\/2024\/09\/jmhhc2g9zwy2njaxyzbkogy5mzkwmgflymzinthjmmflntdhnza-thumb_.jpg\" data-skip-htmlfix=\"1\" title=\"jmhhc2g9zwy2njaxyzbkogy5mzkwmgflymzinthjmmflntdhnza-thumb_\"><\/p>\n<p data-index=\"2\">Andreea Paul dorea s\u0103 fie \u0219ef al filialei Satu Mare a PNL, dar de la centru a fost impus altcineva pentru aceast\u0103 func\u021bie, astfel c\u0103 \u0219i-a anun\u021bat demisia din func\u021bia de prim-vicepre\u0219edinte.<\/p>\n<p data-index=\"3\">\u00cen PNL se discut\u0103 \u00een aceste zile conducerea filialelor \u00een care existau dispute \u00eentre membrii vechiului PNL \u0219i cei ai fostului Partid Democrat Liberal. P\u00e2n\u0103 la finalul acestei luni s\u0103 existe o conducere unitar\u0103 \u0219i s\u0103 se renun\u021be la sistemul cu copre\u0219edin\u021bi. \u00a0\u00a0<\/p>\n<p data-index=\"4\">\u00cen cadrul \u0219edin\u021bei de luni urmeaz\u0103 s\u0103 fie stabilit \u0219i un termen p\u00e2n\u0103 la care s\u0103 fie nominaliza\u021bi \u0219i pre\u0219edin\u021bii organiza\u021biilor de sector ale liberalilor din Bucure\u0219ti, cel mai probabil luna viitoare. Potrivit unor surse PNL, \u00een interiorul forma\u021biunii exist\u0103 \u00eenc\u0103 disensiuni \u00een privin\u021ba criteriului care s\u0103 fie aplicat la desemnarea celor \u0219ase pre\u0219edin\u021bi de organiza\u021bii.\u00a0<\/p>\n<p data-index=\"5\">Vechiul PNL nu este de acord cu principiul parit\u0103\u021bii \u00een ocuparea locurilor de conducere ale orgniza\u021biilor locale \u0219i pledeaz\u0103 pentru alegeri interne, \u00een vreme ce gruparea care reprezint\u0103 fostul PDL dore\u0219te propulsarea unor politicieni cu notorietate \u0219i experien\u021b\u0103 \u00een mobilizarea electoratului.<\/p>\n<\/div>\n<p> Source URL: https:\/\/www.digi24.ro\/stiri\/actualitate\/politica\/demisie-la-varful-pnl-andreea-paul-nu-mai-este-prim-vicepresedinte-537327<\/p>\n","protected":false},"excerpt":{"rendered":"<p>Andreea Paul dorea s\u0103 fie \u0219ef al filialei Satu Mare a PNL, dar de la centru a fost impus altcineva pentru aceast\u0103 func\u021bie, astfel c\u0103 \u0219i-a anun\u021bat demisia din func\u021bia de prim-vicepre\u0219edinte. \u00cen PNL se discut\u0103 \u00een aceste zile conducerea filialelor \u00een care existau dispute \u00eentre membrii vechiului PNL \u0219i cei ai fostului Partid Democrat [&hellip;]<\/p>\n","protected":false},"author":1,"featured_media":162240,"comment_status":"open","ping_status":"","sticky":false,"template":"","format":"standard","meta":{"footnotes":""},"categories":[2],"tags":[11],"class_list":["post-162239","post","type-post","status-publish","format-standard","has-post-thumbnail","hentry","category-politics","tag-digi24"],"_links":{"self":[{"href":"https:\/\/analyse.optim.biz\/index.php?rest_route=\/wp\/v2\/posts\/162239","targetHints":{"allow":["GET"]}}],"collection":[{"href":"https:\/\/analyse.optim.biz\/index.php?rest_route=\/wp\/v2\/posts"}],"about":[{"href":"https:\/\/analyse.optim.biz\/index.php?rest_route=\/wp\/v2\/types\/post"}],"author":[{"embeddable":true,"href":"https:\/\/analyse.optim.biz\/index.php?rest_route=\/wp\/v2\/users\/1"}],"replies":[{"embeddable":true,"href":"https:\/\/analyse.optim.biz\/index.php?rest_route=%2Fwp%2Fv2%2Fcomments&post=162239"}],"version-history":[{"count":0,"href":"https:\/\/analyse.optim.biz\/index.php?rest_route=\/wp\/v2\/posts\/162239\/revisions"}],"wp:featuredmedia":[{"embeddable":true,"href":"https:\/\/analyse.optim.biz\/index.php?rest_route=\/wp\/v2\/media\/162240"}],"wp:attachment":[{"href":"https:\/\/analyse.optim.biz\/index.php?rest_route=%2Fwp%2Fv2%2Fmedia&parent=162239"}],"wp:term":[{"taxonomy":"category","embeddable":true,"href":"https:\/\/analyse.optim.biz\/index.php?rest_route=%2Fwp%2Fv2%2Fcategories&post=162239"},{"taxonomy":"post_tag","embeddable":true,"href":"https:\/\/analyse.optim.biz\/index.php?rest_route=%2Fwp%2Fv2%2Ftags&post=162239"}],"curies":[{"name":"wp","href":"https:\/\/api.w.org\/{rel}","templated":true}]}}