{"id":162236,"date":"2016-07-11T15:32:36","date_gmt":"2016-07-11T12:32:36","guid":{"rendered":"https:\/\/analyse.optim.biz\/?p=162236"},"modified":"2016-07-11T15:32:36","modified_gmt":"2016-07-11T12:32:36","slug":"tudor-ionescu-a-demisionat-din-functia-de-viceprimar-al-municipiului-bucuresti","status":"publish","type":"post","link":"https:\/\/analyse.optim.biz\/?p=162236","title":{"rendered":"Tudor Ionescu a demisionat din func\u0163ia de viceprimar al municipiului Bucure\u015fti"},"content":{"rendered":"<div class=\"entry data-app-meta data-app-meta-article\" data-embed-base-url-canonical=\"https:\/\/www.digi24.ro\/embed\/stiri\/actualitate\/politica\/tudor-ionescu-a-demisionat-din-functia-de-viceprimar-al-municipiului-bucuresti-537359\">\n<p data-index=\"1\"><img decoding=\"async\" src=\"https:\/\/analyse.optim.biz\/wp-content\/uploads\/2024\/09\/cgcmdz04mdamagfzad1lytm0ywvlzwjhotg5otkwzja1yje1njm1ymezzjqzmg-thumb_.jpg\" data-skip-htmlfix=\"1\" title=\"cgcmdz04mdamagfzad1lytm0ywvlzwjhotg5otkwzja1yje1njm1ymezzjqzmg-thumb_\">\u00a0<\/p>\n<p data-index=\"2\"><em>Foto: Agerpres\u00a0<\/em><\/p>\n<p data-index=\"3\">\u201e<span>V\u0103z\u00e2nd campania mediatic\u0103 declan\u015fat\u0103 \u00eempotriva mea pe considerente ce \u0163in exclusiv de sfera vie\u0163ii mele private, din urm\u0103 cu mai bine de cinci ani, am luat decizia de a demisiona din func\u0163ia de viceprimar al municipiului Bucure\u015fti\u201d, anun\u0163\u0103 Tudor Ionescu \u00eentr-un comunicat de pres\u0103 preluat de News.ro.<\/span><\/p>\n<p data-index=\"4\">El men\u0163ioneaz\u0103 c\u0103 a c\u00e2\u015ftigat aceast\u0103 func\u0163ie cu sprijinul colegilor s\u0103i din ALDE, c\u00e2t \u015fi al PSD, fiind ales pe lista ALDE a Consiliului General de c\u0103tre cet\u0103\u0163enii Bucure\u015ftiului \u015fi \u0163ine s\u0103 le mul\u0163umeasc\u0103 tuturor.<\/p>\n<p data-index=\"5\">\u201eCa liberal, cred at\u00e2t \u00een separarea sferei publice de cea privat\u0103, c\u00e2t \u015fi \u00een faptul c\u0103 judecata politic\u0103 trebuie s\u0103 aib\u0103 loc \u00een zona politicului, lu\u00e2nd \u00een calcul exclusiv elemente de ordin politic. Un episod de via\u0163\u0103 privat\u0103 din trecutul meu, o gre\u015feal\u0103, un episod ce nu a devenit cunoscut dec\u00e2t prin indiscre\u0163ia altora \u015fi care nu a produs niciun fel de prejudicii unor ter\u0163i, nu poate \u015fi nu ar fi trebuit transformat \u00eentr-un obstacol \u00een calea unei cariere publice. Aceasta s-ar fi cuvenit a fi m\u0103surat\u0103 numai prin rezultatele ei publice. Nu cred c\u0103 \u00eentr-o societate liber\u0103 \u015fi democratic\u0103 cineva poate fi stigmatizat definitiv \u015fi descalificat de la orice func\u0163ie public\u0103, din pricina unei \u00eent\u00e2mpl\u0103ri din sfera intim\u0103\u201d, continu\u0103 el.<\/p>\n<p data-index=\"6\">Tudor Ionescu spune c\u0103 a constatat \u00eens\u0103 c\u0103 percep\u0163iile din lumea virtual\u0103 par s\u0103 aib\u0103 mai mult\u0103 greutate dec\u00e2t realitatea, bazat\u0103 pe studii universitare solide la una dintre cele mai prestigioase universit\u0103\u0163i europene, realitate bazat\u0103 pe experien\u0163a administrativ\u0103 dob\u00e2ndit\u0103 ani la r\u00e2nd \u00een aparatul de lucru al Parlamentului European \u015fi experien\u0163\u0103 politic\u0103 acumulat\u0103 \u00een organizarea de partid \u015fi a campaniei electorale, toate desf\u0103\u015furate \u00een cadrul mi\u015fc\u0103rii liberale.<\/p>\n<p data-index=\"7\">\u201eAm luat aceast\u0103 decizie pentru c\u0103 nu-mi doresc ca atacurile la persoana mea s\u0103 afecteze echipa din care fac parte. ALDE este continuatorul liberalismului \u00een Rom\u00e2nia \u015fi reprezint\u0103 viitorul \u00eentruc\u00e2t, \u00een ALDE, fiecare membru \u00ee\u015fi poate construi viitorul. Depinde doar de el acest lucru\u201d, mai declar\u0103 el.<\/p>\n<p data-index=\"8\">Tudor Ionescu precizeaz\u0103 c\u0103 renun\u0163area la func\u0163ia de viceprimar nu va \u00eensemna abandonarea dorin\u0163ei sale de cet\u0103\u0163ean care dore\u015fte s\u0103 vad\u0103 un Bucure\u015fti mai bun pentru locuitorii s\u0103i, de t\u00e2n\u0103r rom\u00e2n care s-a \u00eentors \u00een patria sa Rom\u00e2nia, pentru a-\u015fi aduce modesta contribu\u0163ie la progresul ei.<\/p>\n<p data-index=\"9\">\u201eVoi demonstra de ceea ce sunt capabil prin proiectele pe care le voi realiza, iar cei ce doresc s\u0103 mi se al\u0103ture, vor putea sa contribuie la materializarea lor\u201d, \u00eencheie el.<\/p>\n<p data-index=\"10\">Tudor Ionescu este, conform listei de candida\u0163i pentru CGMB depuse de ALDE, de profesie economist, \u00een prezent ocupa\u0163ia sa fiind aceea de manager. El a fost membru PNL \u015fi a f\u0103cut un stagiu la Parlamentul European, la cabinetul lui Cristian Bu\u015foi.<\/p>\n<p data-index=\"11\">Presa a relatat c\u0103 Tudor Ionescu ar fi dorit s\u0103 candideze \u015fi la alegerile locale din 2012, dar scandalul \u00een care a fost implicat \u00een perioada \u00een care era iubitul Oanei Z\u0103voranu i-a afectat cariera politic\u0103.\u00a0\u00cen 2011, Tudor Ionescu, cunoscut \u00een lumea monden\u0103 sub numele de Tudy, a ajuns pe prima pagina a ziarelor dup\u0103 apari\u0163ia unei \u00eenregistr\u0103ri video compromi\u0163\u0103toare.<\/p>\n<\/div>\n<p> Source URL: https:\/\/www.digi24.ro\/stiri\/actualitate\/politica\/tudor-ionescu-a-demisionat-din-functia-de-viceprimar-al-municipiului-bucuresti-537359<\/p>\n","protected":false},"excerpt":{"rendered":"<p>\u00a0 Foto: Agerpres\u00a0 \u201eV\u0103z\u00e2nd campania mediatic\u0103 declan\u015fat\u0103 \u00eempotriva mea pe considerente ce \u0163in exclusiv de sfera vie\u0163ii mele private, din urm\u0103 cu mai bine de cinci ani, am luat decizia de a demisiona din func\u0163ia de viceprimar al municipiului Bucure\u015fti\u201d, anun\u0163\u0103 Tudor Ionescu \u00eentr-un comunicat de pres\u0103 preluat de News.ro. El men\u0163ioneaz\u0103 c\u0103 a c\u00e2\u015ftigat [&hellip;]<\/p>\n","protected":false},"author":1,"featured_media":162237,"comment_status":"open","ping_status":"","sticky":false,"template":"","format":"standard","meta":{"footnotes":""},"categories":[2],"tags":[11],"class_list":["post-162236","post","type-post","status-publish","format-standard","has-post-thumbnail","hentry","category-politics","tag-digi24"],"_links":{"self":[{"href":"https:\/\/analyse.optim.biz\/index.php?rest_route=\/wp\/v2\/posts\/162236","targetHints":{"allow":["GET"]}}],"collection":[{"href":"https:\/\/analyse.optim.biz\/index.php?rest_route=\/wp\/v2\/posts"}],"about":[{"href":"https:\/\/analyse.optim.biz\/index.php?rest_route=\/wp\/v2\/types\/post"}],"author":[{"embeddable":true,"href":"https:\/\/analyse.optim.biz\/index.php?rest_route=\/wp\/v2\/users\/1"}],"replies":[{"embeddable":true,"href":"https:\/\/analyse.optim.biz\/index.php?rest_route=%2Fwp%2Fv2%2Fcomments&post=162236"}],"version-history":[{"count":0,"href":"https:\/\/analyse.optim.biz\/index.php?rest_route=\/wp\/v2\/posts\/162236\/revisions"}],"wp:featuredmedia":[{"embeddable":true,"href":"https:\/\/analyse.optim.biz\/index.php?rest_route=\/wp\/v2\/media\/162237"}],"wp:attachment":[{"href":"https:\/\/analyse.optim.biz\/index.php?rest_route=%2Fwp%2Fv2%2Fmedia&parent=162236"}],"wp:term":[{"taxonomy":"category","embeddable":true,"href":"https:\/\/analyse.optim.biz\/index.php?rest_route=%2Fwp%2Fv2%2Fcategories&post=162236"},{"taxonomy":"post_tag","embeddable":true,"href":"https:\/\/analyse.optim.biz\/index.php?rest_route=%2Fwp%2Fv2%2Ftags&post=162236"}],"curies":[{"name":"wp","href":"https:\/\/api.w.org\/{rel}","templated":true}]}}