{"id":1622349,"date":"2026-01-31T06:58:06","date_gmt":"2026-01-31T03:58:06","guid":{"rendered":"https:\/\/analyse.optim.biz\/?p=1622349"},"modified":"2026-01-31T06:58:06","modified_gmt":"2026-01-31T03:58:06","slug":"cutremur-de-peste-3-grade-vineri-seara-cu-epicentrul-in-vrancea","status":"publish","type":"post","link":"https:\/\/analyse.optim.biz\/?p=1622349","title":{"rendered":"Cutremur de peste 3 grade, vineri seara, cu epicentrul \u00een Vrancea"},"content":{"rendered":"<div class=\"td_block_wrap tdb_single_content tdi_106 td-pb-border-top td_block_template_1 td-post-content tagdiv-type\" data-td-block-uid=\"tdi_106\">\n<div class=\"tdb-block-inner td-fix-index\">\n<p>Vineri,\u00a0<strong>30 ianuarie 2026<\/strong>, la ora\u00a0<strong>19:31:54 <\/strong>(ora local\u0103 a Rom\u00e2niei), \u00een Zona Seismic\u0103 Vrancea s-a produs un cutremur cu\u00a0<strong>magnitudinea de 3,2 grade<\/strong>\u00a0pe Scara Richter, la o ad\u00e2ncime de\u00a0<strong>116,4 km<\/strong>. Seismul a avut\u00a0<strong>epicentrul pe raza comunei Nereju din jude\u021bul Vrancea,\u00a0<\/strong>la 35 km V de Foc\u0219ani, 63 km N de Buz\u0103u, 75 km E de Sf\u00e2ntu-Gheorghe, 87 km E de Bra\u0219ov, 93km SV de B\u00e2rlad, 95km S de Bac\u0103u<\/p>\n<p>\u00a0<\/p>\n<\/div>\n<\/div>\n<p> Source URL: https:\/\/www.jurnaldevrancea.ro\/cutremur-de-peste-3-grade-vineri-seara-cu-epicentrul-in-vrancea\/<\/p>\n","protected":false},"excerpt":{"rendered":"<p>Vineri,\u00a030 ianuarie 2026, la ora\u00a019:31:54 (ora local\u0103 a Rom\u00e2niei), \u00een Zona Seismic\u0103 Vrancea s-a produs un cutremur cu\u00a0magnitudinea de 3,2 grade\u00a0pe Scara Richter, la o ad\u00e2ncime de\u00a0116,4 km. Seismul a avut\u00a0epicentrul pe raza comunei Nereju din jude\u021bul Vrancea,\u00a0la 35 km V de Foc\u0219ani, 63 km N de Buz\u0103u, 75 km E de Sf\u00e2ntu-Gheorghe, 87 km [&hellip;]<\/p>\n","protected":false},"author":1,"featured_media":1622351,"comment_status":"open","ping_status":"","sticky":false,"template":"","format":"standard","meta":{"footnotes":""},"categories":[89],"tags":[207],"class_list":["post-1622349","post","type-post","status-publish","format-standard","has-post-thumbnail","hentry","category-romania","tag-jurnaldevrancea-ro"],"_links":{"self":[{"href":"https:\/\/analyse.optim.biz\/index.php?rest_route=\/wp\/v2\/posts\/1622349","targetHints":{"allow":["GET"]}}],"collection":[{"href":"https:\/\/analyse.optim.biz\/index.php?rest_route=\/wp\/v2\/posts"}],"about":[{"href":"https:\/\/analyse.optim.biz\/index.php?rest_route=\/wp\/v2\/types\/post"}],"author":[{"embeddable":true,"href":"https:\/\/analyse.optim.biz\/index.php?rest_route=\/wp\/v2\/users\/1"}],"replies":[{"embeddable":true,"href":"https:\/\/analyse.optim.biz\/index.php?rest_route=%2Fwp%2Fv2%2Fcomments&post=1622349"}],"version-history":[{"count":0,"href":"https:\/\/analyse.optim.biz\/index.php?rest_route=\/wp\/v2\/posts\/1622349\/revisions"}],"wp:featuredmedia":[{"embeddable":true,"href":"https:\/\/analyse.optim.biz\/index.php?rest_route=\/wp\/v2\/media\/1622351"}],"wp:attachment":[{"href":"https:\/\/analyse.optim.biz\/index.php?rest_route=%2Fwp%2Fv2%2Fmedia&parent=1622349"}],"wp:term":[{"taxonomy":"category","embeddable":true,"href":"https:\/\/analyse.optim.biz\/index.php?rest_route=%2Fwp%2Fv2%2Fcategories&post=1622349"},{"taxonomy":"post_tag","embeddable":true,"href":"https:\/\/analyse.optim.biz\/index.php?rest_route=%2Fwp%2Fv2%2Ftags&post=1622349"}],"curies":[{"name":"wp","href":"https:\/\/api.w.org\/{rel}","templated":true}]}}