{"id":1622259,"date":"2026-01-31T07:47:26","date_gmt":"2026-01-31T04:47:26","guid":{"rendered":"https:\/\/analyse.optim.biz\/?p=1622259"},"modified":"2026-01-31T07:47:26","modified_gmt":"2026-01-31T04:47:26","slug":"salvatorii-montani-din-vrancea-pregatire-intensiva-pentru-interventii-de-iarna-in-conditii-extreme","status":"publish","type":"post","link":"https:\/\/analyse.optim.biz\/?p=1622259","title":{"rendered":"Salvatorii montani din Vrancea, preg\u0103tire intensiv\u0103 pentru interven\u021bii de iarn\u0103 \u00een condi\u021bii extreme"},"content":{"rendered":"<div class=\"td_block_wrap tdb_single_content tdi_106 td-pb-border-top td_block_template_1 td-post-content tagdiv-type\" data-td-block-uid=\"tdi_106\">\n<div class=\"tdb-block-inner td-fix-index\">\n<p>Salvatorii montani ai Serviciului Public Jude\u021bean Salvamont Vrancea au participat, \u00een perioada 20\u201329 ianuarie, la stagiul anual de preg\u0103tire profesional\u0103 \u2013 etapa de iarn\u0103. Activitatea s-a desf\u0103\u0219urat la Centrul Na\u021bional Salvamont Padina, sub coordonarea instructorilor \u0218colii Na\u021bionale Salvamont.<\/p>\n<source srcset=\"https:\/\/www.jurnaldevrancea.ro\/wp\/wp-content\/webp-express\/webp-images\/uploads\/2026\/01\/salvamont-5.jpg.webp 800w, https:\/\/www.jurnaldevrancea.ro\/wp\/wp-content\/webp-express\/webp-images\/uploads\/2026\/01\/salvamont-5-768x523.jpg.webp 768w, https:\/\/www.jurnaldevrancea.ro\/wp\/wp-content\/webp-express\/webp-images\/uploads\/2026\/01\/salvamont-5-150x102.jpg.webp 150w, https:\/\/www.jurnaldevrancea.ro\/wp\/wp-content\/webp-express\/webp-images\/uploads\/2026\/01\/salvamont-5-218x150.jpg.webp 218w, https:\/\/www.jurnaldevrancea.ro\/wp\/wp-content\/webp-express\/webp-images\/uploads\/2026\/01\/salvamont-5-300x204.jpg.webp 300w, https:\/\/www.jurnaldevrancea.ro\/wp\/wp-content\/webp-express\/webp-images\/uploads\/2026\/01\/salvamont-5-696x474.jpg.webp 696w\" sizes=\"(max-width: 800px) 100vw, 800px\" type=\"image\/webp\" \/>\n<p>Stagiul a avut ca obiectiv principal perfec\u021bionarea tehnicilor de deplasare \u0219i interven\u021bie pe teren montan dificil, \u00een condi\u021bii specifice sezonului rece. Salvatorii au exersat deplasarea pe schiuri \u0219i col\u021bari, precum \u0219i proceduri complexe de salvare \u00een situa\u021bii meteo variate \u0219i solicitante. Pe parcursul preg\u0103tirii, temperaturile au oscilat \u00eentre \u201318 \u0219i +6 grade Celsius, iar participan\u021bii au avut de \u00eenfruntat ploaie, ninsoare \u0219i viscol.<\/p>\n<source srcset=\"https:\/\/www.jurnaldevrancea.ro\/wp\/wp-content\/webp-express\/webp-images\/uploads\/2026\/01\/salvamont-2.jpg.webp 800w, https:\/\/www.jurnaldevrancea.ro\/wp\/wp-content\/webp-express\/webp-images\/uploads\/2026\/01\/salvamont-2-768x432.jpg.webp 768w, https:\/\/www.jurnaldevrancea.ro\/wp\/wp-content\/webp-express\/webp-images\/uploads\/2026\/01\/salvamont-2-150x84.jpg.webp 150w, https:\/\/www.jurnaldevrancea.ro\/wp\/wp-content\/webp-express\/webp-images\/uploads\/2026\/01\/salvamont-2-300x169.jpg.webp 300w, https:\/\/www.jurnaldevrancea.ro\/wp\/wp-content\/webp-express\/webp-images\/uploads\/2026\/01\/salvamont-2-696x392.jpg.webp 696w\" sizes=\"(max-width: 800px) 100vw, 800px\" type=\"image\/webp\" \/>\n<p>Un accent important a fost pus pe interven\u021biile \u00een caz de avalan\u0219\u0103. Au fost testate tehnologii moderne de detec\u021bie, s-au realizat simul\u0103ri de c\u0103utare a victimelor \u00eengropate \u0219i s-au aprofundat procedurile de management al riscului de avalan\u0219\u0103. Totodat\u0103, salvatorii au parcurs scenarii de interven\u021bie standardizate pentru mediul montan de altitudine.<\/p>\n<source srcset=\"https:\/\/www.jurnaldevrancea.ro\/wp\/wp-content\/webp-express\/webp-images\/uploads\/2026\/01\/salvamont-3.jpg.webp 800w, https:\/\/www.jurnaldevrancea.ro\/wp\/wp-content\/webp-express\/webp-images\/uploads\/2026\/01\/salvamont-3-768x516.jpg.webp 768w, https:\/\/www.jurnaldevrancea.ro\/wp\/wp-content\/webp-express\/webp-images\/uploads\/2026\/01\/salvamont-3-150x101.jpg.webp 150w, https:\/\/www.jurnaldevrancea.ro\/wp\/wp-content\/webp-express\/webp-images\/uploads\/2026\/01\/salvamont-3-300x201.jpg.webp 300w, https:\/\/www.jurnaldevrancea.ro\/wp\/wp-content\/webp-express\/webp-images\/uploads\/2026\/01\/salvamont-3-696x467.jpg.webp 696w\" sizes=\"(max-width: 800px) 100vw, 800px\" type=\"image\/webp\" \/>\n<p>Salvatorii montani din Vrancea subliniaz\u0103 c\u0103 participarea la acest stagiu este esen\u021bial\u0103 pentru men\u021binerea unui nivel ridicat de preg\u0103tire profesional\u0103. Antrenamentele contribuie direct la cre\u0219terea capacit\u0103\u021bii opera\u021bionale, reducerea timpilor de reac\u021bie \u00een situa\u021bii critice \u0219i, nu \u00een ultimul r\u00e2nd, la sporirea siguran\u021bei salvatorilor montani \u00een timpul misiunilor.<\/p>\n<source srcset=\"https:\/\/www.jurnaldevrancea.ro\/wp\/wp-content\/webp-express\/webp-images\/uploads\/2026\/01\/salvamont-6.jpg.webp 800w, https:\/\/www.jurnaldevrancea.ro\/wp\/wp-content\/webp-express\/webp-images\/uploads\/2026\/01\/salvamont-6-768x432.jpg.webp 768w, https:\/\/www.jurnaldevrancea.ro\/wp\/wp-content\/webp-express\/webp-images\/uploads\/2026\/01\/salvamont-6-150x84.jpg.webp 150w, https:\/\/www.jurnaldevrancea.ro\/wp\/wp-content\/webp-express\/webp-images\/uploads\/2026\/01\/salvamont-6-300x169.jpg.webp 300w, https:\/\/www.jurnaldevrancea.ro\/wp\/wp-content\/webp-express\/webp-images\/uploads\/2026\/01\/salvamont-6-696x392.jpg.webp 696w\" sizes=\"auto, (max-width: 800px) 100vw, 800px\" type=\"image\/webp\" \/>\n<p>Serviciul Public Jude\u021bean Salvamont Vrancea func\u021bioneaz\u0103 \u00een subordinea Consiliului Jude\u021bean Vrancea \u0219i are un rol esen\u021bial \u00een asigurarea siguran\u021bei turi\u0219tilor \u0219i a comunit\u0103\u021bilor din zonele montane ale jude\u021bului, mai ales \u00een sezonul de iarn\u0103, c\u00e2nd riscurile sunt semnificativ mai mari.<\/p>\n<\/div>\n<\/div>\n<p> Source URL: https:\/\/www.jurnaldevrancea.ro\/salvatorii-montani-din-vrancea-pregatire-intensiva-pentru-interventii-de-iarna-in-conditii-extreme\/<\/p>\n","protected":false},"excerpt":{"rendered":"<p>Salvatorii montani ai Serviciului Public Jude\u021bean Salvamont Vrancea au participat, \u00een perioada 20\u201329 ianuarie, la stagiul anual de preg\u0103tire profesional\u0103 \u2013 etapa de iarn\u0103. Activitatea s-a desf\u0103\u0219urat la Centrul Na\u021bional Salvamont Padina, sub coordonarea instructorilor \u0218colii Na\u021bionale Salvamont. Stagiul a avut ca obiectiv principal perfec\u021bionarea tehnicilor de deplasare \u0219i interven\u021bie pe teren montan dificil, \u00een [&hellip;]<\/p>\n","protected":false},"author":1,"featured_media":1622262,"comment_status":"open","ping_status":"","sticky":false,"template":"","format":"standard","meta":{"footnotes":""},"categories":[89],"tags":[207],"class_list":["post-1622259","post","type-post","status-publish","format-standard","has-post-thumbnail","hentry","category-romania","tag-jurnaldevrancea-ro"],"_links":{"self":[{"href":"https:\/\/analyse.optim.biz\/index.php?rest_route=\/wp\/v2\/posts\/1622259","targetHints":{"allow":["GET"]}}],"collection":[{"href":"https:\/\/analyse.optim.biz\/index.php?rest_route=\/wp\/v2\/posts"}],"about":[{"href":"https:\/\/analyse.optim.biz\/index.php?rest_route=\/wp\/v2\/types\/post"}],"author":[{"embeddable":true,"href":"https:\/\/analyse.optim.biz\/index.php?rest_route=\/wp\/v2\/users\/1"}],"replies":[{"embeddable":true,"href":"https:\/\/analyse.optim.biz\/index.php?rest_route=%2Fwp%2Fv2%2Fcomments&post=1622259"}],"version-history":[{"count":0,"href":"https:\/\/analyse.optim.biz\/index.php?rest_route=\/wp\/v2\/posts\/1622259\/revisions"}],"wp:featuredmedia":[{"embeddable":true,"href":"https:\/\/analyse.optim.biz\/index.php?rest_route=\/wp\/v2\/media\/1622262"}],"wp:attachment":[{"href":"https:\/\/analyse.optim.biz\/index.php?rest_route=%2Fwp%2Fv2%2Fmedia&parent=1622259"}],"wp:term":[{"taxonomy":"category","embeddable":true,"href":"https:\/\/analyse.optim.biz\/index.php?rest_route=%2Fwp%2Fv2%2Fcategories&post=1622259"},{"taxonomy":"post_tag","embeddable":true,"href":"https:\/\/analyse.optim.biz\/index.php?rest_route=%2Fwp%2Fv2%2Ftags&post=1622259"}],"curies":[{"name":"wp","href":"https:\/\/api.w.org\/{rel}","templated":true}]}}