{"id":1622230,"date":"2026-01-31T08:03:09","date_gmt":"2026-01-31T05:03:09","guid":{"rendered":"https:\/\/analyse.optim.biz\/?p=1622230"},"modified":"2026-01-31T08:03:09","modified_gmt":"2026-01-31T05:03:09","slug":"alerta-meteo-vrancea-sub-stapanirea-gerului-si-a-poleiului-temperaturi-de-pana-la-14-grade-si-vant-puternic","status":"publish","type":"post","link":"https:\/\/analyse.optim.biz\/?p=1622230","title":{"rendered":"ALERT\u0102 METEO: Vrancea sub st\u0103p\u00e2nirea gerului \u0219i a poleiului. Temperaturi de p\u00e2n\u0103 la -14 grade \u0219i v\u00e2nt puternic"},"content":{"rendered":"<div class=\"td_block_wrap tdb_single_content tdi_106 td-pb-border-top td_block_template_1 td-post-content tagdiv-type\" data-td-block-uid=\"tdi_106\">\n<div class=\"tdb-block-inner td-fix-index\">\n<p>Locuitorii jude\u021bului Vrancea se vor confrunta cu o schimbare radical\u0103 a vremii \u00een urm\u0103toarele zile. Meteorologii au emis o informare valabil\u0103 p\u00e2n\u0103 duminic\u0103, 1 februarie, ora 18:00, ce vizeaz\u0103 ploi moderate, risc major de polei \u0219i un val de aer polar care va aduce temperaturi de ger n\u0103praznic.<\/p>\n<p>Conform Administra\u021biei Na\u021bionale de Meteorologie, \u00een regiunile sud-estice, inclusiv \u00een Vrancea, se vor \u00eenregistra ploi moderate cantitativ, fiind estimate acumul\u0103ri de ap\u0103 de 10\u202620 l\/mp, izolat chiar \u0219i 25 l\/mp.<\/p>\n<p>Din cauza sc\u0103derii bru\u0219te a temperaturilor, se va forma polei \u0219i ghe\u021bu\u0219, fenomen ce poate crea probleme majore \u00een trafic \u0219i pe trotuare. Totodat\u0103, v\u00e2ntul va sufla cu putere \u00een zona noastr\u0103, ating\u00e2nd viteze de 40\u202660 km\/h, sporind astfel senza\u021bia de frig.<\/p>\n<p>Cea mai critic\u0103 perioad\u0103 pentru vr\u00e2nceni va \u00eencepe de s\u00e2mb\u0103t\u0103 noapte c\u00e2nd temperaturile vor sc\u0103dea drastic, ating\u00e2nd pragul gerului, cu minime cuprinse \u00eentre -14 \u0219i -10 grade Celsius. Conform speciali\u0219tilor \u00een meteorologie, vremea va r\u0103m\u00e2ne deosebit de rece p\u00e2n\u0103 cel pu\u021bin miercuri, 4 februarie, cu nop\u021bi \u0219i dimine\u021bi geroase.<\/p>\n<\/div>\n<\/div>\n<p> Source URL: https:\/\/www.jurnaldevrancea.ro\/alerta-meteo-vrancea-sub-stapanirea-gerului-si-a-poleiului-temperaturi-de-pana-la-14-grade-si-vant-puternic\/<\/p>\n","protected":false},"excerpt":{"rendered":"<p>Locuitorii jude\u021bului Vrancea se vor confrunta cu o schimbare radical\u0103 a vremii \u00een urm\u0103toarele zile. Meteorologii au emis o informare valabil\u0103 p\u00e2n\u0103 duminic\u0103, 1 februarie, ora 18:00, ce vizeaz\u0103 ploi moderate, risc major de polei \u0219i un val de aer polar care va aduce temperaturi de ger n\u0103praznic. Conform Administra\u021biei Na\u021bionale de Meteorologie, \u00een regiunile [&hellip;]<\/p>\n","protected":false},"author":1,"featured_media":1622236,"comment_status":"open","ping_status":"","sticky":false,"template":"","format":"standard","meta":{"footnotes":""},"categories":[89],"tags":[207],"class_list":["post-1622230","post","type-post","status-publish","format-standard","has-post-thumbnail","hentry","category-romania","tag-jurnaldevrancea-ro"],"_links":{"self":[{"href":"https:\/\/analyse.optim.biz\/index.php?rest_route=\/wp\/v2\/posts\/1622230","targetHints":{"allow":["GET"]}}],"collection":[{"href":"https:\/\/analyse.optim.biz\/index.php?rest_route=\/wp\/v2\/posts"}],"about":[{"href":"https:\/\/analyse.optim.biz\/index.php?rest_route=\/wp\/v2\/types\/post"}],"author":[{"embeddable":true,"href":"https:\/\/analyse.optim.biz\/index.php?rest_route=\/wp\/v2\/users\/1"}],"replies":[{"embeddable":true,"href":"https:\/\/analyse.optim.biz\/index.php?rest_route=%2Fwp%2Fv2%2Fcomments&post=1622230"}],"version-history":[{"count":0,"href":"https:\/\/analyse.optim.biz\/index.php?rest_route=\/wp\/v2\/posts\/1622230\/revisions"}],"wp:featuredmedia":[{"embeddable":true,"href":"https:\/\/analyse.optim.biz\/index.php?rest_route=\/wp\/v2\/media\/1622236"}],"wp:attachment":[{"href":"https:\/\/analyse.optim.biz\/index.php?rest_route=%2Fwp%2Fv2%2Fmedia&parent=1622230"}],"wp:term":[{"taxonomy":"category","embeddable":true,"href":"https:\/\/analyse.optim.biz\/index.php?rest_route=%2Fwp%2Fv2%2Fcategories&post=1622230"},{"taxonomy":"post_tag","embeddable":true,"href":"https:\/\/analyse.optim.biz\/index.php?rest_route=%2Fwp%2Fv2%2Ftags&post=1622230"}],"curies":[{"name":"wp","href":"https:\/\/api.w.org\/{rel}","templated":true}]}}