{"id":162165,"date":"2016-07-12T17:43:14","date_gmt":"2016-07-12T14:43:14","guid":{"rendered":"https:\/\/analyse.optim.biz\/?p=162165"},"modified":"2016-07-12T17:43:14","modified_gmt":"2016-07-12T14:43:14","slug":"pmp-si-unpr-fuzioneaza-dupa-negocieri-care-au-durat-doua-saptamani","status":"publish","type":"post","link":"https:\/\/analyse.optim.biz\/?p=162165","title":{"rendered":"PMP \u015fi UNPR fuzioneaz\u0103 dup\u0103 negocieri care au durat dou\u0103 s\u0103pt\u0103m\u00e2ni"},"content":{"rendered":"<div class=\"entry data-app-meta data-app-meta-article\" data-embed-base-url-canonical=\"https:\/\/www.digi24.ro\/embed\/stiri\/actualitate\/politica\/pmp-si-unpr-fuzioneaza-dupa-negocieri-care-au-durat-doua-saptamani-537840\">\n<p data-index=\"1\"><strong><img decoding=\"async\" src=\"https:\/\/analyse.optim.biz\/wp-content\/uploads\/2024\/09\/zdvhmmy3owvlodningnlmmjkntbhmda1mwi4m2jj-thumb_.jpg\" data-skip-htmlfix=\"1\" title=\"zdvhmmy3owvlodningnlmmjkntbhmda1mwi4m2jj-thumb_\"><\/strong><\/p>\n<p data-index=\"2\"><span><em>foto: InquamPhoto \/ Octav Ganea<\/em><\/span><\/p>\n<p data-index=\"3\">Traian B\u0103sescu a anun\u021bat, mar\u021bi, c\u0103 partidul pe care l-a fondat, PMP, va absorbi \u00eentr-o s\u0103pt\u0103m\u00e2n\u0103 UNPR, dup\u0103 ce progresi\u0219tii au plecat \u00een num\u0103r important la PSD, iar UNPR-ul condus de Valeriu Steriu a r\u0103mas un partid care nu mai are op\u021biuni pro-PSD.<\/p>\n<p data-index=\"4\">\u201e<span lang=\"en-US\">Vrem<\/span>\u00a0fuziune cu un partid \u00een care parlamentarii nu mai au op\u021biune spre PSD\u201d, a declarat Traian B\u0103sescu \u00eentr-o conferin\u021b\u0103 de pres\u0103, \u00een care a anun\u021bat c\u0103 posturile de conducere dup\u0103 fuziune vor fi\u00a0<span lang=\"en-US\">distribuite\u00a0<\/span><span>propor\u021bional<\/span>\u00a050-50.<\/p>\n<p data-index=\"5\">Fostul pre\u0219edinte a mai spus c\u0103 distribu\u021bia puterii \u00een teritoriu a noului partid, care va p\u0103stra denumirea, sigla \u0219i imnul PMP, va fi echilibrat\u0103. \u00cen acela\u0219i timp \u00eens\u0103, a ad\u0103ugat B\u0103sescu, fiecare dintre cele dou\u0103 forma\u021biuni \u00ee\u0219i va men\u021bine \u00een adminisra\u021bia local\u0103 alian\u021bele deja \u00eencheiate pentru conservarea unor func\u021bii in Consiliile jude\u021bene sau de viceprimari fie cu PSD, fie cu PNL.<\/p>\n<p data-index=\"6\">Absorb\u021bia UNPR, forma\u021biune care a e\u0219uat dup\u0103 alegerile locale \u00een stabilirea unor alian\u021be pentru parlamentare \u0219i cu PNL, \u0219i cu PSD, marcheaz\u0103 practic dispari\u021bia acestei forma\u021biuni, dup\u0103 retragerea din partid \u0219i, din toamn\u0103, \u0219i din politic\u0103, a fondatorului s\u0103u, Gabriel Oprea, urm\u0103rit \u00een dou\u0103 dosare penale \u0219i acuzat de plagiat.<\/p>\n<p data-index=\"7\">\u201dVa fi o distribu\u0163ie echilibrat\u0103 a puterii \u00een teritoriu. Pentru c\u0103 analiza pe care o facem de dou\u0103 s\u0103pt\u0103m\u00e2ni ne arat\u0103 c\u0103 acolo unde Partidul Mi\u015fcarea Popular\u0103 este puternic, sunt sl\u0103biciuni mai mari la UNPR, \u015fi unde Partidul Mi\u015fcarea Popular\u0103 este slab, a avut rezultate slabe la alegeri, este mai puternic UNPR. Avem o solu\u0163ie echilibrat\u0103 de 50% \u2013 50%. V\u0103 mai pot spune c\u0103 PMP-ul actual are doi prim-vicepre\u015fedin\u0163i, noul partid va avea patru prim-vicepre\u015fedin\u0163i pe care \u00eei va desemna UNPR p\u00e2n\u0103 miercuri. Drept pentru care, \u00een conformitate cu statutul nostru, am semnat cu domnul pre\u015fedinte Steriu acordul de fuziune\u201d, a mai spus B\u0103sescu.\u00a0<\/p>\n<p data-index=\"8\">\u00centrebat ce se va \u00eent\u00e2mpla cu Gabriel Oprea care, potrivit statului UNPR, este pre\u015fedinte de onoare, B\u0103sescu a spus: \u201dNu e membru al noului partid Gabriel Oprea. Dup\u0103 fuziune nu mai e partidul, r\u0103m\u00e2ne cu onoarea\u201d. \u00a0<\/p>\n<p data-index=\"9\">Din declara\u021biile celor doi lideri, Traian B\u0103sescu \u0219i Valeriu Steriu, reiese c\u0103 structurile de filiale din teritoriu ale celor dou\u0103 forma\u021biuni se echilibreaz\u0103. Astfel, PMP, care a avut un scor la locale de 4.6%, a \u00eenregistrat acest rezultat particip\u00e2nd singur \u00een alegeri \u0219i doar \u00een aproximativ jum\u0103tate din jude\u021be.<\/p>\n<p data-index=\"10\">La r\u00e2ndul s\u0103u, UNPR, care a ob\u021binut 300.000 de voturi la locale, a participat de unul singur \u00een c\u00eeteva circumscrip\u021bii, \u00een general \u00een ora\u0219e mici, iar \u00een majoritatea localit\u0103\u021b\u0103ilor, ca \u0219i la Consiliile jude\u021bene \u0219i locale, a mers \u00eempreun\u0103 cu PSD.<\/p>\n<p data-index=\"11\">Valeriu Steriu reprezint\u0103 \u00een acest moment o forma\u021biune cu circa 25 de parlamentari, jum\u0103tate dintre ace\u0219tia migr\u00eend, dup\u0103 alegerile locale, la PSD.<\/p>\n<p data-index=\"12\">Steriu a mai ar\u0103tat c\u0103 forma\u021biunea viitorul PMP va fi un proiect menit s\u0103 echilibreze cele dou\u0103 mari for\u021be politice \u2013 PSD \u0219i PNL. El a mai spus c\u0103 printre priorit\u0103\u021bile PMP se vor afla dezvoltarea capitalului autohton \u0219i agricultura.<\/p>\n<p data-index=\"13\">Potrivit lui Traian B\u0103sescu, fuziunea a fost votat\u0103 \u00een unanimitate de reprezentan\u021bii celor dou\u0103 forma\u021biuni, dup\u0103 o negociere care a durat dou\u0103 s\u0103pt\u0103m\u00e2ni. Congresul de fuziune va avea loc s\u0103pt\u0103m\u00e2na viitoare, c\u00e2nd se va alege un pre\u0219edinte comun \u0219i patru prim-vicepre\u0219edin\u021bi, cei de la PMP fiind Cristian Diaconescu \u0219i Sigfried Mure\u0219an.<\/p>\n<hr>\n<p data-index=\"14\">Anun\u0163ul privind conferin\u0163a de pres\u0103 de la ora 18:00 a lui Traian B\u0103sescu a fost f\u0103cut pe contul de Facebook al PMP.<\/p>\n<\/div>\n<p> Source URL: https:\/\/www.digi24.ro\/stiri\/actualitate\/politica\/pmp-si-unpr-fuzioneaza-dupa-negocieri-care-au-durat-doua-saptamani-537840<\/p>\n","protected":false},"excerpt":{"rendered":"<p>foto: InquamPhoto \/ Octav Ganea Traian B\u0103sescu a anun\u021bat, mar\u021bi, c\u0103 partidul pe care l-a fondat, PMP, va absorbi \u00eentr-o s\u0103pt\u0103m\u00e2n\u0103 UNPR, dup\u0103 ce progresi\u0219tii au plecat \u00een num\u0103r important la PSD, iar UNPR-ul condus de Valeriu Steriu a r\u0103mas un partid care nu mai are op\u021biuni pro-PSD. \u201eVrem\u00a0fuziune cu un partid \u00een care parlamentarii [&hellip;]<\/p>\n","protected":false},"author":1,"featured_media":162166,"comment_status":"open","ping_status":"","sticky":false,"template":"","format":"standard","meta":{"footnotes":""},"categories":[2],"tags":[11],"class_list":["post-162165","post","type-post","status-publish","format-standard","has-post-thumbnail","hentry","category-politics","tag-digi24"],"_links":{"self":[{"href":"https:\/\/analyse.optim.biz\/index.php?rest_route=\/wp\/v2\/posts\/162165","targetHints":{"allow":["GET"]}}],"collection":[{"href":"https:\/\/analyse.optim.biz\/index.php?rest_route=\/wp\/v2\/posts"}],"about":[{"href":"https:\/\/analyse.optim.biz\/index.php?rest_route=\/wp\/v2\/types\/post"}],"author":[{"embeddable":true,"href":"https:\/\/analyse.optim.biz\/index.php?rest_route=\/wp\/v2\/users\/1"}],"replies":[{"embeddable":true,"href":"https:\/\/analyse.optim.biz\/index.php?rest_route=%2Fwp%2Fv2%2Fcomments&post=162165"}],"version-history":[{"count":0,"href":"https:\/\/analyse.optim.biz\/index.php?rest_route=\/wp\/v2\/posts\/162165\/revisions"}],"wp:featuredmedia":[{"embeddable":true,"href":"https:\/\/analyse.optim.biz\/index.php?rest_route=\/wp\/v2\/media\/162166"}],"wp:attachment":[{"href":"https:\/\/analyse.optim.biz\/index.php?rest_route=%2Fwp%2Fv2%2Fmedia&parent=162165"}],"wp:term":[{"taxonomy":"category","embeddable":true,"href":"https:\/\/analyse.optim.biz\/index.php?rest_route=%2Fwp%2Fv2%2Fcategories&post=162165"},{"taxonomy":"post_tag","embeddable":true,"href":"https:\/\/analyse.optim.biz\/index.php?rest_route=%2Fwp%2Fv2%2Ftags&post=162165"}],"curies":[{"name":"wp","href":"https:\/\/api.w.org\/{rel}","templated":true}]}}