{"id":162156,"date":"2016-07-12T23:31:50","date_gmt":"2016-07-12T20:31:50","guid":{"rendered":"https:\/\/analyse.optim.biz\/?p=162156"},"modified":"2016-07-12T23:31:50","modified_gmt":"2016-07-12T20:31:50","slug":"reactia-lui-gabriel-oprea-la-fuziunea-pmp-unpr-imi-pare-rau-ca-proiectul-unpr-dispare","status":"publish","type":"post","link":"https:\/\/analyse.optim.biz\/?p=162156","title":{"rendered":"Reac\u0163ia lui Gabriel Oprea la fuziunea PMP-UNPR: \u00cemi pare r\u0103u c\u0103 proiectul UNPR dispare"},"content":{"rendered":"<div class=\"entry data-app-meta data-app-meta-article\" data-embed-base-url-canonical=\"https:\/\/www.digi24.ro\/embed\/stiri\/actualitate\/politica\/reactia-lui-gabriel-oprea-la-fuziunea-pmp-unpr-imi-pare-rau-ca-proiectul-unpr-dispare-537907\">\n<p data-index=\"1\"><img decoding=\"async\" src=\"https:\/\/analyse.optim.biz\/wp-content\/uploads\/2024\/09\/mczoyxnoptjhzwzhodu1ymywnzzjntm4mtu4zwiwymi5zgfjmdnk-thumb_.jpg\" data-skip-htmlfix=\"1\" title=\"mczoyxnoptjhzwzhodu1ymywnzzjntm4mtu4zwiwymi5zgfjmdnk-thumb_\"><\/p>\n<p data-index=\"2\">\u201e(&#8230;) \u00cen primul r\u00e2nd, nu am avut niciun rol \u00een decizia pe care a luat-o UNPR. Nu mai sunt membru al partidului \u0219i nu particip la luarea deciziilor \u00een partid. Demisia mea din UNPR nu este un act formal sau un gest de imagine, ci este o realitate c\u00e2t se poate de concret\u0103. Sunt un om serios \u0219i, dac\u0103 spun un lucru, a\u0219a fac.<\/p>\n<p data-index=\"3\">\u00cen al doilea r\u00e2nd, nu a\u0219 fi avut cum s\u0103 particip la aceast\u0103 decizie de vreme ce ea nu reflect\u0103 opiniile mele. Personal, \u00eemi pare r\u0103u c\u0103 proiectul UNPR, ca partid de sine st\u0103t\u0103tor, dispare. Dincolo de unele critici nejustificate, cred c\u0103 e important s\u0103 nu uit\u0103m c\u0103 UNPR a p\u0103strat stabilitatea Rom\u00e2niei \u0219i a ajutat-o s\u0103 r\u0103m\u00e2n\u0103 pe drumul cel bun \u00een toate domeniile vitale pentru societate. \u00cemi pare r\u0103u c\u0103 munca mea \u0219i a multor colegi se transform\u0103 \u00een zestrea unei fuziuni de conjunctur\u0103. A\u0219 fi preferat ca UNPR s\u0103 mearg\u0103 pe picioarele sale. \u0218tiu c\u0103 era greu, dar succesul nu vine niciodat\u0103 din solu\u021biile facile.<\/p>\n<p data-index=\"4\">\u00cen al treilea r\u00e2nd, ideea unei rela\u021bii privilegiate cu Traian B\u0103sescu este \u00eenc\u0103 un neadev\u0103r. (&#8230;) Traian B\u0103sescu a fost pre\u0219edintele Rom\u00e2niei \u0219i l-am sprijinit \u00een tot ceea ce \u021bine de siguran\u021ba na\u021bional\u0103, a\u0219a cum fac \u0219i \u00een cazul lui Klaus Iohannis. Am f\u0103cut acest lucru din convingerea mea de militar \u0219i nu din ra\u021biuni politice. (&#8230;) Nu \u00eei sunt dator cu nimic lui Traian B\u0103sescu \u0219i nici el mie. Ne respect\u0103m, dar nu vedem lucrurile \u00een acela\u0219i fel atunci c\u00e2nd vine vorba despre Rom\u00e2nia.<\/p>\n<p data-index=\"5\">\u00cen privin\u021ba deciziei UNPR, nu am nimic de spus \u00een plus. Sper doar ca liderii partidului s\u0103-\u0219i fi f\u0103cut toate calculele \u0219i s\u0103 nu fi \u00eenchis prematur drumul unui proiect \u00een care foarte mul\u021bi rom\u00e2ni au crezut \u0219i cred \u00een continuare\u201d, a scris fostul lider al UNPR pe Facebook.<\/p>\n<\/div>\n<p> Source URL: https:\/\/www.digi24.ro\/stiri\/actualitate\/politica\/reactia-lui-gabriel-oprea-la-fuziunea-pmp-unpr-imi-pare-rau-ca-proiectul-unpr-dispare-537907<\/p>\n","protected":false},"excerpt":{"rendered":"<p>\u201e(&#8230;) \u00cen primul r\u00e2nd, nu am avut niciun rol \u00een decizia pe care a luat-o UNPR. Nu mai sunt membru al partidului \u0219i nu particip la luarea deciziilor \u00een partid. Demisia mea din UNPR nu este un act formal sau un gest de imagine, ci este o realitate c\u00e2t se poate de concret\u0103. Sunt un [&hellip;]<\/p>\n","protected":false},"author":1,"featured_media":162157,"comment_status":"open","ping_status":"","sticky":false,"template":"","format":"standard","meta":{"footnotes":""},"categories":[2],"tags":[11],"class_list":["post-162156","post","type-post","status-publish","format-standard","has-post-thumbnail","hentry","category-politics","tag-digi24"],"_links":{"self":[{"href":"https:\/\/analyse.optim.biz\/index.php?rest_route=\/wp\/v2\/posts\/162156","targetHints":{"allow":["GET"]}}],"collection":[{"href":"https:\/\/analyse.optim.biz\/index.php?rest_route=\/wp\/v2\/posts"}],"about":[{"href":"https:\/\/analyse.optim.biz\/index.php?rest_route=\/wp\/v2\/types\/post"}],"author":[{"embeddable":true,"href":"https:\/\/analyse.optim.biz\/index.php?rest_route=\/wp\/v2\/users\/1"}],"replies":[{"embeddable":true,"href":"https:\/\/analyse.optim.biz\/index.php?rest_route=%2Fwp%2Fv2%2Fcomments&post=162156"}],"version-history":[{"count":0,"href":"https:\/\/analyse.optim.biz\/index.php?rest_route=\/wp\/v2\/posts\/162156\/revisions"}],"wp:featuredmedia":[{"embeddable":true,"href":"https:\/\/analyse.optim.biz\/index.php?rest_route=\/wp\/v2\/media\/162157"}],"wp:attachment":[{"href":"https:\/\/analyse.optim.biz\/index.php?rest_route=%2Fwp%2Fv2%2Fmedia&parent=162156"}],"wp:term":[{"taxonomy":"category","embeddable":true,"href":"https:\/\/analyse.optim.biz\/index.php?rest_route=%2Fwp%2Fv2%2Fcategories&post=162156"},{"taxonomy":"post_tag","embeddable":true,"href":"https:\/\/analyse.optim.biz\/index.php?rest_route=%2Fwp%2Fv2%2Ftags&post=162156"}],"curies":[{"name":"wp","href":"https:\/\/api.w.org\/{rel}","templated":true}]}}