{"id":162153,"date":"2016-07-12T23:45:53","date_gmt":"2016-07-12T20:45:53","guid":{"rendered":"https:\/\/analyse.optim.biz\/?p=162153"},"modified":"2016-07-12T23:45:53","modified_gmt":"2016-07-12T20:45:53","slug":"pnl-despre-fuziunea-pmp-unpr-un-gest-disperat-de-supravietuire","status":"publish","type":"post","link":"https:\/\/analyse.optim.biz\/?p=162153","title":{"rendered":"PNL despre fuziunea PMP-UNPR: Un gest disperat de supravie\u0163uire"},"content":{"rendered":"<div class=\"entry data-app-meta data-app-meta-article\" data-embed-base-url-canonical=\"https:\/\/www.digi24.ro\/embed\/stiri\/actualitate\/politica\/pnl-despre-fuziunea-pmp-unpr-un-gest-disperat-de-supravietuire-537909\">\n<p data-index=\"1\"><img decoding=\"async\" src=\"https:\/\/analyse.optim.biz\/wp-content\/uploads\/2024\/09\/mjzmzme5zjrimtzkyme1nmqxzja0m2jlmzrjzwqx-thumb_.jpg\" data-skip-htmlfix=\"1\" title=\"mjzmzme5zjrimtzkyme1nmqxzja0m2jlmzrjzwqx-thumb_\"><\/p>\n<p data-index=\"2\"><span><em>Foto: Inquam Photo \/ Octav Ganea<\/em><\/span><\/p>\n<p data-index=\"3\">\u201eFuziunea dintre PMP \u0219i UNPR nu reprezint\u0103 o surpriz\u0103. Fuziunea este doar oficializarea unui mariaj neformalizat care dureaz\u0103 de ani de zile \u00eentre Traian B\u0103sescu \u0219i Gabriel Oprea, nu reflexia unui proiect politic serios. Rela\u021bia dintre liderii PMP \u0219i UNPR este de mult cel pu\u021bin o colaborare foarte bun\u0103, dac\u0103 nu o prietenie str\u00e2ns\u0103. Gabriel Oprea este un personaj reevaluat \u00een repetate r\u00e2nduri de Traian B\u0103sescu, de la Mafia lui N\u0103stase \u0219i lacheul lui Ponta la general avansat la 4 stele\u201d, se arat\u0103 \u00eentr-un comunicat al PNL.<\/p>\n<p data-index=\"4\">\u201ePMP nu face altceva dec\u00e2t s\u0103 se transforme \u00een solu\u021bia imoral\u0103 a democra\u021biei rom\u00e2ne\u0219ti\u201d, se mai arat\u0103 \u00een acela\u015fi comunicat.<\/p>\n<p data-index=\"5\">Pe de alt\u0103 parte, C\u0103t\u0103lin Predoiu, primvice-pre\u015fedinte al PNL, a declarat c\u0103 nu condamn\u0103 fiziunea PMP \u2013 PNL, dat fiind c\u0103 este membru al unui partid format \u00een urma unei fuziuni. El a precizat \u015fi c\u0103 liderii PNL vor analiza, \u00een noile condi\u0163ii, dac\u0103 protocolul \u00eencheiat cu UNPR mai poate fi continuat.<\/p>\n<p data-index=\"6\">\u201eR\u0103m\u00e2ne de v\u0103zut dac\u0103 \u00een forul de conducere acest protocol se va men\u021bine sau nu, este o dezbatere care va urma. La momentul la care copre\u0219edin\u021bii PNL, mandata\u021bi de partid, au negociat acest protocol, nu se \u0219tia despre fuziunea UNPR-PMP\u201d, a declarat C\u0103t\u0103lin Predoiu la un post de televiziune, citat de <a href=\"http:\/\/www.agerpres.ro\/politica\/2016\/07\/12\/predoiu-nu-condamn-fuziunea-pmp-cu-unpr-vom-analiza-daca-se-mentine-protocolul-nostru-cu-unpr-22-19-59\" target=\"_blank\" data-skip-linkfix=\"1\" rel=\"noopener\">Agerpres<\/a>.<\/p>\n<\/div>\n<p> Source URL: https:\/\/www.digi24.ro\/stiri\/actualitate\/politica\/pnl-despre-fuziunea-pmp-unpr-un-gest-disperat-de-supravietuire-537909<\/p>\n","protected":false},"excerpt":{"rendered":"<p>Foto: Inquam Photo \/ Octav Ganea \u201eFuziunea dintre PMP \u0219i UNPR nu reprezint\u0103 o surpriz\u0103. Fuziunea este doar oficializarea unui mariaj neformalizat care dureaz\u0103 de ani de zile \u00eentre Traian B\u0103sescu \u0219i Gabriel Oprea, nu reflexia unui proiect politic serios. Rela\u021bia dintre liderii PMP \u0219i UNPR este de mult cel pu\u021bin o colaborare foarte bun\u0103, [&hellip;]<\/p>\n","protected":false},"author":1,"featured_media":162154,"comment_status":"open","ping_status":"","sticky":false,"template":"","format":"standard","meta":{"footnotes":""},"categories":[2],"tags":[11],"class_list":["post-162153","post","type-post","status-publish","format-standard","has-post-thumbnail","hentry","category-politics","tag-digi24"],"_links":{"self":[{"href":"https:\/\/analyse.optim.biz\/index.php?rest_route=\/wp\/v2\/posts\/162153","targetHints":{"allow":["GET"]}}],"collection":[{"href":"https:\/\/analyse.optim.biz\/index.php?rest_route=\/wp\/v2\/posts"}],"about":[{"href":"https:\/\/analyse.optim.biz\/index.php?rest_route=\/wp\/v2\/types\/post"}],"author":[{"embeddable":true,"href":"https:\/\/analyse.optim.biz\/index.php?rest_route=\/wp\/v2\/users\/1"}],"replies":[{"embeddable":true,"href":"https:\/\/analyse.optim.biz\/index.php?rest_route=%2Fwp%2Fv2%2Fcomments&post=162153"}],"version-history":[{"count":0,"href":"https:\/\/analyse.optim.biz\/index.php?rest_route=\/wp\/v2\/posts\/162153\/revisions"}],"wp:featuredmedia":[{"embeddable":true,"href":"https:\/\/analyse.optim.biz\/index.php?rest_route=\/wp\/v2\/media\/162154"}],"wp:attachment":[{"href":"https:\/\/analyse.optim.biz\/index.php?rest_route=%2Fwp%2Fv2%2Fmedia&parent=162153"}],"wp:term":[{"taxonomy":"category","embeddable":true,"href":"https:\/\/analyse.optim.biz\/index.php?rest_route=%2Fwp%2Fv2%2Fcategories&post=162153"},{"taxonomy":"post_tag","embeddable":true,"href":"https:\/\/analyse.optim.biz\/index.php?rest_route=%2Fwp%2Fv2%2Ftags&post=162153"}],"curies":[{"name":"wp","href":"https:\/\/api.w.org\/{rel}","templated":true}]}}