{"id":161998,"date":"2016-07-20T23:54:30","date_gmt":"2016-07-20T20:54:30","guid":{"rendered":"https:\/\/analyse.optim.biz\/?p=161998"},"modified":"2016-07-20T23:54:30","modified_gmt":"2016-07-20T20:54:30","slug":"dacian-ciolos-a-numit-noi-secretari-de-stat-laurentiu-danut-vlad-la-ministerul-educatiei-si-ioana-ursu-la-sanatate","status":"publish","type":"post","link":"https:\/\/analyse.optim.biz\/?p=161998","title":{"rendered":"Dacian Ciolo\u015f a numit noi secretari de stat: Lauren\u0163iu-D\u0103nu\u0163 Vlad la Ministerul Educa\u0163iei \u015fi Ioana Ursu la S\u0103n\u0103tate"},"content":{"rendered":"<div class=\"entry data-app-meta data-app-meta-article\" data-embed-base-url-canonical=\"https:\/\/www.digi24.ro\/embed\/stiri\/actualitate\/politica\/dacian-ciolos-a-numit-noi-secretari-de-stat-laurentiu-danut-vlad-la-ministerul-educatiei-si-ioana-ursu-la-sanatate-540623\">\n<p data-index=\"1\"><img decoding=\"async\" src=\"https:\/\/analyse.optim.biz\/wp-content\/uploads\/2024\/09\/mdamagfzad0znddknmrkztm5n2uyzta2y2q3zmmxm2nizmeymmnjmg-thumb_.jpg\" data-skip-htmlfix=\"1\" title=\"mdamagfzad0znddknmrkztm5n2uyzta2y2q3zmmxm2nizmeymmnjmg-thumb_\"><\/p>\n<p data-index=\"2\">Toate cele trei decizii au fost publicate \u00een Monitorul Oficial.<\/p>\n<p data-index=\"3\">Gigel Paraschiv, profesor universitar la Politehnica din Bucure\u015fti, a cerut eliberarea din func\u0163ie, iar succesorul s\u0103u, Lauren\u0163iu-D\u0103nu\u0163 Vlad va avea \u00een coordonare \u00eenv\u0103\u0163\u0103m\u00e2ntul superior. Vlad este decan al Facult\u0103\u0163ii de \u015etiin\u0163e Politice a Universit\u0103\u0163ii din Bucure\u015fti.<\/p>\n<p data-index=\"4\">Ioana Ursu a fost numit\u0103 de c\u0103tre Ciolo\u015f ca secretar la Ministerul S\u0103n\u0103t\u0103\u0163ii \u00een urma propunerii pe care a f\u0103cut-o ministrul Vlad Voiculescu pe 7 iulie. Ursu a lucrat \u00een industria farmaceutic\u0103.<\/p>\n<p data-index=\"5\">Tot miercuri, consilierul de stat Dorin-Emil Mantescu a fost numit ca pre\u015fedinte al Consiliului pentru aplicarea politicii \u00een domeniul ajutorului de stat, \u00een locul lui Drago\u015f P\u00eeslaru care, \u00eentre timp, a preluat postul de ministru al Muncii \u015fi Protec\u0163iei Sociale.<\/p>\n<\/div>\n<p> Source URL: https:\/\/www.digi24.ro\/stiri\/actualitate\/politica\/dacian-ciolos-a-numit-noi-secretari-de-stat-laurentiu-danut-vlad-la-ministerul-educatiei-si-ioana-ursu-la-sanatate-540623<\/p>\n","protected":false},"excerpt":{"rendered":"<p>Toate cele trei decizii au fost publicate \u00een Monitorul Oficial. Gigel Paraschiv, profesor universitar la Politehnica din Bucure\u015fti, a cerut eliberarea din func\u0163ie, iar succesorul s\u0103u, Lauren\u0163iu-D\u0103nu\u0163 Vlad va avea \u00een coordonare \u00eenv\u0103\u0163\u0103m\u00e2ntul superior. Vlad este decan al Facult\u0103\u0163ii de \u015etiin\u0163e Politice a Universit\u0103\u0163ii din Bucure\u015fti. Ioana Ursu a fost numit\u0103 de c\u0103tre Ciolo\u015f ca [&hellip;]<\/p>\n","protected":false},"author":1,"featured_media":161999,"comment_status":"open","ping_status":"","sticky":false,"template":"","format":"standard","meta":{"footnotes":""},"categories":[2],"tags":[11],"class_list":["post-161998","post","type-post","status-publish","format-standard","has-post-thumbnail","hentry","category-politics","tag-digi24"],"_links":{"self":[{"href":"https:\/\/analyse.optim.biz\/index.php?rest_route=\/wp\/v2\/posts\/161998","targetHints":{"allow":["GET"]}}],"collection":[{"href":"https:\/\/analyse.optim.biz\/index.php?rest_route=\/wp\/v2\/posts"}],"about":[{"href":"https:\/\/analyse.optim.biz\/index.php?rest_route=\/wp\/v2\/types\/post"}],"author":[{"embeddable":true,"href":"https:\/\/analyse.optim.biz\/index.php?rest_route=\/wp\/v2\/users\/1"}],"replies":[{"embeddable":true,"href":"https:\/\/analyse.optim.biz\/index.php?rest_route=%2Fwp%2Fv2%2Fcomments&post=161998"}],"version-history":[{"count":0,"href":"https:\/\/analyse.optim.biz\/index.php?rest_route=\/wp\/v2\/posts\/161998\/revisions"}],"wp:featuredmedia":[{"embeddable":true,"href":"https:\/\/analyse.optim.biz\/index.php?rest_route=\/wp\/v2\/media\/161999"}],"wp:attachment":[{"href":"https:\/\/analyse.optim.biz\/index.php?rest_route=%2Fwp%2Fv2%2Fmedia&parent=161998"}],"wp:term":[{"taxonomy":"category","embeddable":true,"href":"https:\/\/analyse.optim.biz\/index.php?rest_route=%2Fwp%2Fv2%2Fcategories&post=161998"},{"taxonomy":"post_tag","embeddable":true,"href":"https:\/\/analyse.optim.biz\/index.php?rest_route=%2Fwp%2Fv2%2Ftags&post=161998"}],"curies":[{"name":"wp","href":"https:\/\/api.w.org\/{rel}","templated":true}]}}