{"id":161995,"date":"2016-07-21T11:26:58","date_gmt":"2016-07-21T08:26:58","guid":{"rendered":"https:\/\/analyse.optim.biz\/?p=161995"},"modified":"2016-07-21T11:26:58","modified_gmt":"2016-07-21T08:26:58","slug":"ilie-nastase-ies-din-politica-acolo-trebuie-sa-minti-foarte-mult","status":"publish","type":"post","link":"https:\/\/analyse.optim.biz\/?p=161995","title":{"rendered":"Ilie N\u0103stase: Ies din politic\u0103. Acolo \u201etrebuie s\u0103 min\u0163i foarte mult\u201d"},"content":{"rendered":"<div class=\"entry data-app-meta data-app-meta-article\" data-embed-base-url-canonical=\"https:\/\/www.digi24.ro\/embed\/stiri\/actualitate\/politica\/ilie-nastase-ies-din-politica-acolo-trebuie-sa-minti-foarte-mult-540698\">\n<p data-index=\"1\">\u00a0<img decoding=\"async\" src=\"https:\/\/analyse.optim.biz\/wp-content\/uploads\/2024\/09\/otiwzje4ngrlyzu4nwrjzdi2zgzjn2i5nguxyg-thumb_.jpg\" data-skip-htmlfix=\"1\" title=\"otiwzje4ngrlyzu4nwrjzdi2zgzjn2i5nguxyg-thumb_\"><\/p>\n<p data-index=\"2\"><span><em>Foto: Inquam Photos \/ Octav Ganea<\/em><\/span><\/p>\n<p data-index=\"3\">\u201e<span>Scandalurile \u00eentre politicieni \u015fi dintre partide m\u0103 deranjeaz\u0103 foarte mult. Eu am intrat \u00een politic\u0103 ca s\u0103 \u00eenv\u0103\u0163 ceva bun, dar nu am \u00eenv\u0103\u0163at nimic. Nu m\u0103 reg\u0103sesc printre ace\u015fti oameni, \u015fi nici ei printre mine. Cred c\u0103 nu m\u0103 contacteaz\u0103 alte partide pentru c\u0103 sunt incomod. Deci, \u00eemi termin mandatul \u015fi r\u0103m\u00e2n un simplu cet\u0103\u0163ean\u201d, a spus Ilie N\u0103stase la un <a href=\"http:\/\/www.realitatea.net\/\" target=\"_blank\" data-skip-linkfix=\"1\" rel=\"noopener\">post de televiziune<\/a>.<\/span><\/p>\n<p data-index=\"4\">\u201e<span>Toate lucrurile bune, to\u0163i banii europeni se duc c\u0103tre boga\u0163i, toate rela\u0163iile bune le iau ei, iar celorlal\u0163i nu le dau nimic. Eu mi-am f\u0103cut treaba pe felia mea. Dac\u0103 to\u0163i ne-am face treba pe felia noastr\u0103, cred c\u0103 \u0163ara ar duce-o mai bine, am fi to\u0163i eroi. Noi ne cert\u0103m \u00eenainte s\u0103 \u00eencepem ceva. Cum, de exemplu, s-a \u00eent\u00e2mplat cu Christoph Daum: Comitetul Executiv l-a votat pe Daum, iar noi ne cert\u0103m pe ce o s\u0103 fac\u0103 el, dac\u0103 va ajuta sau nu echipa&#8230; Ce o s\u0103 \u00een\u0163eleag\u0103 el? C\u0103 noi suntem nebuni. Dac\u0103 tot l-am pus acolo, haide\u0163i s\u0103-l ajut\u0103m. Asta e la noi: nu vrem s\u0103 ajut\u0103m s\u0103 ias\u0103 bine. \u015ei mai e expresia &#8220;a\u015fa e la noi, asta e&#8221;. Nu mai e a\u015fa! Vreau altfel. Nimic nu e imposibil\u201d, a ad\u0103ugat el.<\/span><\/p>\n<p data-index=\"5\">\u00centrebat de ce a decis s\u0103 renun\u0163e la politic\u0103 \u015fi dac\u0103 hot\u0103r\u00e2rea sa are leg\u0103tur\u0103 cu fuziunea recent\u0103 dintre PMP \u015fi UNPR, Ilie N\u0103stase a r\u0103spuns: \u201eNu mai vreau, nu m\u0103 simt bine&#8230; Ce s\u0103 caut acolo (\u00een Senat &#8211; n.r.)? Acolo sunt doar interese personale \u015fi interese de partid. Dac\u0103 a\u015f avea puterea, le-a\u015f interzice s\u0103 pun\u0103 drapelul Rom\u00e2niei la partide. Pentru c\u0103 nu merit\u0103, ei nu reprezint\u0103 Rom\u00e2nia, ci ei se reprezint\u0103 pe ei. Ei se iubesc pe ei \u015fi contractele pe care le fac (&#8230;) \u00cen politic\u0103 trebuie s\u0103 min\u0163i foarte mult. \u00cen sport e altfel: fie c\u00e2\u015ftigi, fie pierzi. \u00cen politic\u0103 trebuie s\u0103 min\u0163i\u201d, a spus fostul juc\u0103tor de tenis.<\/p>\n<p data-index=\"6\">Ilie N\u0103stase a mai spus c\u0103 \u201ela Senat to\u0163i sunt cam foarte boga\u0163i, acolo e intersul puterii \u015fi al influen\u0163ei\u201d.<\/p>\n<p data-index=\"7\">\u201e<span>Eu nu m-am dus acolo s\u0103 influen\u0163ez nimic. Eu nu votez ce \u00eemi spune liderul de grup. Nu m\u0103 intereseaz\u0103 fuziunea dintre PMP \u015fi UNPR, nu \u015ftiu cine sunt ceilal\u0163i. Eu am intrat \u00een UNPR pentru c\u0103 eram foarte bun prieten cu Gabi Oprea, care este un om de cuv\u00e2nt&#8230; Nu am ce c\u0103uta cu B\u0103sescu. Eu am semnat cu Gabriel Oprea, mergeam cu el \u00een alt\u0103 parte, dar a\u015fa nu. Alian\u0163a e bun\u0103 pentru PMP, pentru c\u0103 vin ni\u015fte senatori acolo de la noi (de la UNPR &#8211; n. r.). Pe B\u0103sescu \u00eel ajut\u0103 foarte mult \u015fi sigur c\u0103 nici pentru UNPR nu e altceva\u201d, a mai spus Ilie N\u0103stase.<\/span><\/p>\n<p data-index=\"8\">Congresele extraordinare reunite ale PMP \u015fi UNPR au aprobat miercuri \u00een unanimitate protocolul privind fuziunea prin absorb\u0163ie a celor dou\u0103 partide.<\/p>\n<\/div>\n<p> Source URL: https:\/\/www.digi24.ro\/stiri\/actualitate\/politica\/ilie-nastase-ies-din-politica-acolo-trebuie-sa-minti-foarte-mult-540698<\/p>\n","protected":false},"excerpt":{"rendered":"<p>\u00a0 Foto: Inquam Photos \/ Octav Ganea \u201eScandalurile \u00eentre politicieni \u015fi dintre partide m\u0103 deranjeaz\u0103 foarte mult. Eu am intrat \u00een politic\u0103 ca s\u0103 \u00eenv\u0103\u0163 ceva bun, dar nu am \u00eenv\u0103\u0163at nimic. Nu m\u0103 reg\u0103sesc printre ace\u015fti oameni, \u015fi nici ei printre mine. Cred c\u0103 nu m\u0103 contacteaz\u0103 alte partide pentru c\u0103 sunt incomod. Deci, [&hellip;]<\/p>\n","protected":false},"author":1,"featured_media":161996,"comment_status":"open","ping_status":"","sticky":false,"template":"","format":"standard","meta":{"footnotes":""},"categories":[2],"tags":[11],"class_list":["post-161995","post","type-post","status-publish","format-standard","has-post-thumbnail","hentry","category-politics","tag-digi24"],"_links":{"self":[{"href":"https:\/\/analyse.optim.biz\/index.php?rest_route=\/wp\/v2\/posts\/161995","targetHints":{"allow":["GET"]}}],"collection":[{"href":"https:\/\/analyse.optim.biz\/index.php?rest_route=\/wp\/v2\/posts"}],"about":[{"href":"https:\/\/analyse.optim.biz\/index.php?rest_route=\/wp\/v2\/types\/post"}],"author":[{"embeddable":true,"href":"https:\/\/analyse.optim.biz\/index.php?rest_route=\/wp\/v2\/users\/1"}],"replies":[{"embeddable":true,"href":"https:\/\/analyse.optim.biz\/index.php?rest_route=%2Fwp%2Fv2%2Fcomments&post=161995"}],"version-history":[{"count":0,"href":"https:\/\/analyse.optim.biz\/index.php?rest_route=\/wp\/v2\/posts\/161995\/revisions"}],"wp:featuredmedia":[{"embeddable":true,"href":"https:\/\/analyse.optim.biz\/index.php?rest_route=\/wp\/v2\/media\/161996"}],"wp:attachment":[{"href":"https:\/\/analyse.optim.biz\/index.php?rest_route=%2Fwp%2Fv2%2Fmedia&parent=161995"}],"wp:term":[{"taxonomy":"category","embeddable":true,"href":"https:\/\/analyse.optim.biz\/index.php?rest_route=%2Fwp%2Fv2%2Fcategories&post=161995"},{"taxonomy":"post_tag","embeddable":true,"href":"https:\/\/analyse.optim.biz\/index.php?rest_route=%2Fwp%2Fv2%2Ftags&post=161995"}],"curies":[{"name":"wp","href":"https:\/\/api.w.org\/{rel}","templated":true}]}}