{"id":161992,"date":"2016-07-21T17:26:14","date_gmt":"2016-07-21T14:26:14","guid":{"rendered":"https:\/\/analyse.optim.biz\/?p=161992"},"modified":"2016-07-21T17:26:14","modified_gmt":"2016-07-21T14:26:14","slug":"pnl-il-exclude-pe-consilierul-care-a-simulat-o-executie-isis-la-voronet","status":"publish","type":"post","link":"https:\/\/analyse.optim.biz\/?p=161992","title":{"rendered":"PNL \u00eel exclude pe consilierul care a simulat o execu\u021bie ISIS la Vorone\u021b"},"content":{"rendered":"<div class=\"entry data-app-meta data-app-meta-article\" data-embed-base-url-canonical=\"https:\/\/www.digi24.ro\/embed\/stiri\/actualitate\/politica\/pnl-il-exclude-pe-consilierul-care-a-simulat-o-executie-isis-la-voronet-540864\">\n<p data-index=\"1\"><img decoding=\"async\" src=\"https:\/\/analyse.optim.biz\/wp-content\/uploads\/2024\/09\/ad0zywiyntvjy2vmogvkndbknjqyztk5owjlzmfjmgi4yq-thumb_.jpg\" data-skip-htmlfix=\"1\" title=\"ad0zywiyntvjy2vmogvkndbknjqyztk5owjlzmfjmgi4yq-thumb_\"><\/p>\n<p data-index=\"2\">PNL se delimiteaz\u0103 de comportamentul manifestat de consilierul PNL Mihai-Bogdan Bicsi \u00een urma unor fotografii ofensatoare postate pe o re\u021bea de socializare, se arat\u0103 \u00eentr-un comunicat al PNL.<\/p>\n<p data-index=\"3\">Liberalii spun c\u0103 filiala de Suceava a forma\u021biunii \u00eel va exclude, \u00eentr-o \u0219edin\u021b\u0103 de s\u0103pt\u0103m\u00e2na viitoare, pe Bicsi.<\/p>\n<p data-index=\"4\">Consilierul local Mihai Bogdan Bicsi s-a fotografiat \u00een timp ce simula o execu\u021bie \u00een stilul organiza\u021biei teroriste Stat Islamic. \u00cen imaginea postat\u0103 pe Facebook, cu descrierea \u201eTerorist ISIS capturat la Vorone\u021b\u201d, consilierul st\u0103 cu o drujb\u0103 \u00een m\u00e2n\u0103 deasupra unui alt b\u0103rbat legat cu o funie \u0219i cu capul pe un bu\u0219tean.<\/p>\n<p data-index=\"5\">Fotografiile par a fi f\u0103cute la o petrecere c\u00e2mpeneasc\u0103 la care Mihai Bicsi este \u00eempreun\u0103 cu mai mul\u0163i cunoscu\u0163i. \u00a0\u00a0<\/p>\n<\/div>\n<p> Source URL: https:\/\/www.digi24.ro\/stiri\/actualitate\/politica\/pnl-il-exclude-pe-consilierul-care-a-simulat-o-executie-isis-la-voronet-540864<\/p>\n","protected":false},"excerpt":{"rendered":"<p>PNL se delimiteaz\u0103 de comportamentul manifestat de consilierul PNL Mihai-Bogdan Bicsi \u00een urma unor fotografii ofensatoare postate pe o re\u021bea de socializare, se arat\u0103 \u00eentr-un comunicat al PNL. Liberalii spun c\u0103 filiala de Suceava a forma\u021biunii \u00eel va exclude, \u00eentr-o \u0219edin\u021b\u0103 de s\u0103pt\u0103m\u00e2na viitoare, pe Bicsi. Consilierul local Mihai Bogdan Bicsi s-a fotografiat \u00een timp [&hellip;]<\/p>\n","protected":false},"author":1,"featured_media":161993,"comment_status":"open","ping_status":"","sticky":false,"template":"","format":"standard","meta":{"footnotes":""},"categories":[2],"tags":[11],"class_list":["post-161992","post","type-post","status-publish","format-standard","has-post-thumbnail","hentry","category-politics","tag-digi24"],"_links":{"self":[{"href":"https:\/\/analyse.optim.biz\/index.php?rest_route=\/wp\/v2\/posts\/161992","targetHints":{"allow":["GET"]}}],"collection":[{"href":"https:\/\/analyse.optim.biz\/index.php?rest_route=\/wp\/v2\/posts"}],"about":[{"href":"https:\/\/analyse.optim.biz\/index.php?rest_route=\/wp\/v2\/types\/post"}],"author":[{"embeddable":true,"href":"https:\/\/analyse.optim.biz\/index.php?rest_route=\/wp\/v2\/users\/1"}],"replies":[{"embeddable":true,"href":"https:\/\/analyse.optim.biz\/index.php?rest_route=%2Fwp%2Fv2%2Fcomments&post=161992"}],"version-history":[{"count":0,"href":"https:\/\/analyse.optim.biz\/index.php?rest_route=\/wp\/v2\/posts\/161992\/revisions"}],"wp:featuredmedia":[{"embeddable":true,"href":"https:\/\/analyse.optim.biz\/index.php?rest_route=\/wp\/v2\/media\/161993"}],"wp:attachment":[{"href":"https:\/\/analyse.optim.biz\/index.php?rest_route=%2Fwp%2Fv2%2Fmedia&parent=161992"}],"wp:term":[{"taxonomy":"category","embeddable":true,"href":"https:\/\/analyse.optim.biz\/index.php?rest_route=%2Fwp%2Fv2%2Fcategories&post=161992"},{"taxonomy":"post_tag","embeddable":true,"href":"https:\/\/analyse.optim.biz\/index.php?rest_route=%2Fwp%2Fv2%2Ftags&post=161992"}],"curies":[{"name":"wp","href":"https:\/\/api.w.org\/{rel}","templated":true}]}}