{"id":161959,"date":"2016-07-23T10:46:39","date_gmt":"2016-07-23T07:46:39","guid":{"rendered":"https:\/\/analyse.optim.biz\/?p=161959"},"modified":"2016-07-23T10:46:39","modified_gmt":"2016-07-23T07:46:39","slug":"traian-basescu-spune-cum-poate-ramane-dacian-ciolos-premier-la-toamna","status":"publish","type":"post","link":"https:\/\/analyse.optim.biz\/?p=161959","title":{"rendered":"Traian B\u0103sescu spune cum poate r\u0103m\u00e2ne Dacian Ciolo\u0219 premier la toamn\u0103"},"content":{"rendered":"<div class=\"entry data-app-meta data-app-meta-article\" data-embed-base-url-canonical=\"https:\/\/www.digi24.ro\/embed\/stiri\/actualitate\/politica\/traian-basescu-spune-cum-poate-ramane-dacian-ciolos-premier-la-toamna-541370\">\n<p data-index=\"1\">\u00cen contextul \u00een care la finalul acestui an vom avea un nou Parlament \u015fi un nou Executiv, fostul pre\u015fedinte Traian B\u0103sescu a analizat posibilitatea ca Dacian Ciolo\u015f s\u0103 primeasc\u0103 un nou mandat de premier.<\/p>\n<p data-index=\"2\">\u201eAr putea fi varianta ca PNL, varianta teoretic\u0103, PNL s\u0103 c\u00e2\u0219tige alegerile, s\u0103 fie cel mai mare partid, s\u0103 aib\u0103 cel mai mare num\u0103r de parlamentari \u0219i atunci dnul Iohannis s\u0103 desemneze premier de la PNL\u201d, a explicat Traian B\u0103sescu.<\/p>\n<p data-index=\"3\">Orice alt\u0103 variant\u0103 nu-i va permite lui Dacian Ciolo\u015f s\u0103 r\u0103m\u00e2n\u0103 \u00een fruntea Guvernului, este de p\u0103rere fostul pre\u0219edinte.<\/p>\n<p data-index=\"4\">\u201eDar \u00een varianta unui guvern de coali\u0163ie PSD cu PNL, care s\u0103-l sus\u0163in\u0103 pe domnul Ciolo\u015f crede\u021bi?\u201d a fost \u00eentrebat Traian B\u0103sescu.<\/p>\n<p data-index=\"5\">\u201eNu cred, PSD-ului \u00eei pare r\u0103u \u015fi acum c\u0103 a f\u0103cut aceast\u0103 \u00een\u0163elegere cu guvernul de tehnocra\u0163i, e evident ca nu o vor digera nici dup\u0103 alegeri\u201d, a r\u0103spuns fostul \u0219ef al statului.<\/p>\n<p data-index=\"6\">\u00a0Liderul PMP a vorbit \u2013 \u00een cheie ironic\u0103 &#8211; \u015fi despre varianta ca Liviu Dragnea s\u0103 fie urm\u0103torul premier al Rom\u00e2niei.<\/p>\n<p data-index=\"7\">\u201eAm crea \u015fi noi ni\u015fte unicate \u00een UE, premier condamnat &#8211; fie el \u015fi cu suspendare! Nu cred c\u0103 vreun pre\u0219edinte responsabil ar desemna premier un om condamnat pentru furt la vot. Furt la vot! Despre asta vorbim, despre furt de democra\u0163ie!\u201d, a declarat Traian B\u0103sescu.<\/p>\n<p data-index=\"8\">\u00centregul interviu cu pre\u015fedintele Partidului Mi\u015fcarea Popular\u0103, Traian B\u0103sescu, \u00eel pute\u0163i urm\u0103ri duminic\u0103, la <a href=\"https:\/\/www.digi24.ro\/Emisiuni\/Digi24\/In+fata+ta\/Arhiva+inregistrari\/In+fata+ta+22+mai+13+05+2016\" target=\"_blank\" data-skip-linkfix=\"1\" rel=\"noopener\"><strong>emisiunea \u201e\u00cen fa\u0163a ta\u201d,<\/strong><\/a> de la ora 13:05.<\/p>\n<\/div>\n<p> Source URL: https:\/\/www.digi24.ro\/stiri\/actualitate\/politica\/traian-basescu-spune-cum-poate-ramane-dacian-ciolos-premier-la-toamna-541370<\/p>\n","protected":false},"excerpt":{"rendered":"<p>\u00cen contextul \u00een care la finalul acestui an vom avea un nou Parlament \u015fi un nou Executiv, fostul pre\u015fedinte Traian B\u0103sescu a analizat posibilitatea ca Dacian Ciolo\u015f s\u0103 primeasc\u0103 un nou mandat de premier. \u201eAr putea fi varianta ca PNL, varianta teoretic\u0103, PNL s\u0103 c\u00e2\u0219tige alegerile, s\u0103 fie cel mai mare partid, s\u0103 aib\u0103 cel [&hellip;]<\/p>\n","protected":false},"author":1,"featured_media":161960,"comment_status":"open","ping_status":"","sticky":false,"template":"","format":"standard","meta":{"footnotes":""},"categories":[2],"tags":[11],"class_list":["post-161959","post","type-post","status-publish","format-standard","has-post-thumbnail","hentry","category-politics","tag-digi24"],"_links":{"self":[{"href":"https:\/\/analyse.optim.biz\/index.php?rest_route=\/wp\/v2\/posts\/161959","targetHints":{"allow":["GET"]}}],"collection":[{"href":"https:\/\/analyse.optim.biz\/index.php?rest_route=\/wp\/v2\/posts"}],"about":[{"href":"https:\/\/analyse.optim.biz\/index.php?rest_route=\/wp\/v2\/types\/post"}],"author":[{"embeddable":true,"href":"https:\/\/analyse.optim.biz\/index.php?rest_route=\/wp\/v2\/users\/1"}],"replies":[{"embeddable":true,"href":"https:\/\/analyse.optim.biz\/index.php?rest_route=%2Fwp%2Fv2%2Fcomments&post=161959"}],"version-history":[{"count":0,"href":"https:\/\/analyse.optim.biz\/index.php?rest_route=\/wp\/v2\/posts\/161959\/revisions"}],"wp:featuredmedia":[{"embeddable":true,"href":"https:\/\/analyse.optim.biz\/index.php?rest_route=\/wp\/v2\/media\/161960"}],"wp:attachment":[{"href":"https:\/\/analyse.optim.biz\/index.php?rest_route=%2Fwp%2Fv2%2Fmedia&parent=161959"}],"wp:term":[{"taxonomy":"category","embeddable":true,"href":"https:\/\/analyse.optim.biz\/index.php?rest_route=%2Fwp%2Fv2%2Fcategories&post=161959"},{"taxonomy":"post_tag","embeddable":true,"href":"https:\/\/analyse.optim.biz\/index.php?rest_route=%2Fwp%2Fv2%2Ftags&post=161959"}],"curies":[{"name":"wp","href":"https:\/\/api.w.org\/{rel}","templated":true}]}}