{"id":161934,"date":"2016-07-24T19:48:29","date_gmt":"2016-07-24T16:48:29","guid":{"rendered":"https:\/\/analyse.optim.biz\/?p=161934"},"modified":"2016-07-24T19:48:29","modified_gmt":"2016-07-24T16:48:29","slug":"traian-basescu-despre-conditiile-in-care-victor-ponta-ar-putea-reveni-in-politica","status":"publish","type":"post","link":"https:\/\/analyse.optim.biz\/?p=161934","title":{"rendered":"Traian B\u0103sescu, despre condi\u021biile \u00een care Victor Ponta ar putea reveni \u00een politic\u0103"},"content":{"rendered":"<div class=\"entry data-app-meta data-app-meta-article\" data-embed-base-url-canonical=\"https:\/\/www.digi24.ro\/embed\/stiri\/actualitate\/politica\/traian-basescu-despre-conditiile-in-care-victor-ponta-ar-putea-reveni-in-politica-541653\">\n<p data-index=\"1\"><em><span>Reporter: Domnul Victor Ponta mai are vreo \u015fans\u0103 s\u0103 revin\u0103 \u00een politica mare?<\/span><\/em><\/p>\n<p data-index=\"2\"><em>Traian B\u0103sescu: Da. Cred c\u0103 da, dup\u0103 ce \u00ee\u0219i clarific\u0103 situa\u021bia \u00een justi\u021bie. To\u021bi avem tipul \u0103sta de probleme, \u00ee\u021bi clarifici favorabil situa\u021bia \u00een justi\u021bie, e \u00een regul\u0103, nu, pleci.<\/em><\/p>\n<p data-index=\"3\">Declinul politic al lui Victor Ponta a \u00eenceput \u00een vara anului 2015. Atunci DNA a \u00eenceput urm\u0103rirea penal\u0103 pe numele s\u0103u pentru fals \u00een \u00eenscrisuri sub semn\u0103tur\u0103 privat\u0103, complicitate la evaziune fiscal\u0103 \u015fi sp\u0103lare de bani \u00een dosarul Turceni &#8211; Rovinari.<\/p>\n<p data-index=\"4\">\u201e<span>Sunt suspect \u00een cazul \u0218ova pentru activitatea de avocat \u0219i, de asemenea, sunt \u00een conflict de interese c\u0103 l-am pus pe \u0218ova ministru\u201d, spunea Victor Ponta \u00een 5 iunie 2015.<\/span><\/p>\n<p data-index=\"5\">O s\u0103pt\u0103m\u00e2n\u0103 mai t\u00e2rziu, Victor Ponta a anun\u0163at c\u0103 pleac\u0103 din fruntea Partidului Social Democrat. <\/p>\n<p data-index=\"6\">\u201e<span>Pentru a nu l\u0103sa ca aceast\u0103 situa\u0163ie s\u0103 afecteze PSD, v\u0103 aduc la cuno\u015ftin\u0163\u0103 decizia mea de a nu mai ocupa nicio func\u0163ie de conducere \u00een partid, p\u00e2n\u0103 la momentul \u00een care \u00eemi voi demonstra nevinov\u0103\u0163ia fa\u0163\u0103 de acuza\u0163iile aduse&#8221;, scria social democratul pe pagina sa de Facebook.<\/span><\/p>\n<p data-index=\"7\">\u015ei-a p\u0103strat, \u00eens\u0103, func\u0163ia de premier, de\u015fi au fost voci care i-au cerut s\u0103 plece de la Palatul Victoria. Demisia de la Guvern a venit abia \u00een toamn\u0103, dup\u0103 tragedia de la Colectiv.<\/p>\n<p data-index=\"8\">\u201e<span>Sunt gata s\u0103 fac eu acest gest pe care o parte din societate \u00eel a\u0219teapt\u0103 \u0219i \u00eencep\u00e2nd de azi \u00eemi depun mandatul de prim-ministru\u201d, spunea el \u00een 4 noiembrie 2015.<\/span><\/p>\n<p data-index=\"9\">De atunci, Victor Ponta a intrat \u00eentr-un con de umbr\u0103 pe plan politic. Nu s-a mai implicat ca \u00een trecut \u00een activit\u0103\u0163ile partidului. \u00cen schimb, \u015fi-a concentrat \u00eentreaga aten\u0163ie asupra funda\u0163iei pe care a lansat-o la \u00eenceputul acestui an.<\/p>\n<p data-index=\"10\"><strong><span>Urm\u0103ri\u021bi interviul integral cu Traian B\u0103sescu <a href=\"https:\/\/www.digi24.ro\/Emisiuni\/Digi24\/In+fata+ta\/Arhiva+inregistrari\/In+fata+ta+24+iulie+13+05+2016\" target=\"_blank\" data-skip-linkfix=\"1\" rel=\"noopener\">AICI<\/a>.<\/span><\/strong><\/p>\n<\/div>\n<p> Source URL: https:\/\/www.digi24.ro\/stiri\/actualitate\/politica\/traian-basescu-despre-conditiile-in-care-victor-ponta-ar-putea-reveni-in-politica-541653<\/p>\n","protected":false},"excerpt":{"rendered":"<p>Reporter: Domnul Victor Ponta mai are vreo \u015fans\u0103 s\u0103 revin\u0103 \u00een politica mare? Traian B\u0103sescu: Da. Cred c\u0103 da, dup\u0103 ce \u00ee\u0219i clarific\u0103 situa\u021bia \u00een justi\u021bie. To\u021bi avem tipul \u0103sta de probleme, \u00ee\u021bi clarifici favorabil situa\u021bia \u00een justi\u021bie, e \u00een regul\u0103, nu, pleci. Declinul politic al lui Victor Ponta a \u00eenceput \u00een vara anului 2015. [&hellip;]<\/p>\n","protected":false},"author":1,"featured_media":161935,"comment_status":"open","ping_status":"","sticky":false,"template":"","format":"standard","meta":{"footnotes":""},"categories":[2],"tags":[11],"class_list":["post-161934","post","type-post","status-publish","format-standard","has-post-thumbnail","hentry","category-politics","tag-digi24"],"_links":{"self":[{"href":"https:\/\/analyse.optim.biz\/index.php?rest_route=\/wp\/v2\/posts\/161934","targetHints":{"allow":["GET"]}}],"collection":[{"href":"https:\/\/analyse.optim.biz\/index.php?rest_route=\/wp\/v2\/posts"}],"about":[{"href":"https:\/\/analyse.optim.biz\/index.php?rest_route=\/wp\/v2\/types\/post"}],"author":[{"embeddable":true,"href":"https:\/\/analyse.optim.biz\/index.php?rest_route=\/wp\/v2\/users\/1"}],"replies":[{"embeddable":true,"href":"https:\/\/analyse.optim.biz\/index.php?rest_route=%2Fwp%2Fv2%2Fcomments&post=161934"}],"version-history":[{"count":0,"href":"https:\/\/analyse.optim.biz\/index.php?rest_route=\/wp\/v2\/posts\/161934\/revisions"}],"wp:featuredmedia":[{"embeddable":true,"href":"https:\/\/analyse.optim.biz\/index.php?rest_route=\/wp\/v2\/media\/161935"}],"wp:attachment":[{"href":"https:\/\/analyse.optim.biz\/index.php?rest_route=%2Fwp%2Fv2%2Fmedia&parent=161934"}],"wp:term":[{"taxonomy":"category","embeddable":true,"href":"https:\/\/analyse.optim.biz\/index.php?rest_route=%2Fwp%2Fv2%2Fcategories&post=161934"},{"taxonomy":"post_tag","embeddable":true,"href":"https:\/\/analyse.optim.biz\/index.php?rest_route=%2Fwp%2Fv2%2Ftags&post=161934"}],"curies":[{"name":"wp","href":"https:\/\/api.w.org\/{rel}","templated":true}]}}