{"id":161912,"date":"2016-07-25T15:42:22","date_gmt":"2016-07-25T12:42:22","guid":{"rendered":"https:\/\/analyse.optim.biz\/?p=161912"},"modified":"2016-07-25T15:42:22","modified_gmt":"2016-07-25T12:42:22","slug":"dacian-ciolos-dorit-in-fruntea-pnl","status":"publish","type":"post","link":"https:\/\/analyse.optim.biz\/?p=161912","title":{"rendered":"Dacian Ciolo\u0219, dorit \u00een fruntea PNL"},"content":{"rendered":"<div class=\"entry data-app-meta data-app-meta-article\" data-embed-base-url-canonical=\"https:\/\/www.digi24.ro\/embed\/stiri\/actualitate\/politica\/dacian-ciolos-dorit-in-fruntea-pnl-541888\">\n<p data-index=\"1\">Mircea Ionescu Quintus: \u201eMie imi place foarte mult domnul Ciolo\u0219. Un ardelean serios, modest, priceput. Dar asta depinde de el, dac\u0103 vrea s\u0103 vin\u0103 \u00een fruntea unui partid \u0219i mai ales a partidului nostru.<\/p>\n<p data-index=\"2\">Reporter: \u201e\u00cel considera\u0163i profilul perfect de premier pentru PNL?\u201d<\/p>\n<p data-index=\"3\">Mircea Ionescu Quintus: \u201eDac\u0103 mie imi place a\u0219a mult domnul Ciolo\u0219 \u00eenseamn\u0103 ca l-a\u0219 vedea \u00een continuarea acestei func\u021bii importante\u201d.\u00a0<\/p>\n<\/div>\n<p> Source URL: https:\/\/www.digi24.ro\/stiri\/actualitate\/politica\/dacian-ciolos-dorit-in-fruntea-pnl-541888<\/p>\n","protected":false},"excerpt":{"rendered":"<p>Mircea Ionescu Quintus: \u201eMie imi place foarte mult domnul Ciolo\u0219. Un ardelean serios, modest, priceput. Dar asta depinde de el, dac\u0103 vrea s\u0103 vin\u0103 \u00een fruntea unui partid \u0219i mai ales a partidului nostru. Reporter: \u201e\u00cel considera\u0163i profilul perfect de premier pentru PNL?\u201d Mircea Ionescu Quintus: \u201eDac\u0103 mie imi place a\u0219a mult domnul Ciolo\u0219 \u00eenseamn\u0103 [&hellip;]<\/p>\n","protected":false},"author":1,"featured_media":161913,"comment_status":"open","ping_status":"","sticky":false,"template":"","format":"standard","meta":{"footnotes":""},"categories":[2],"tags":[11],"class_list":["post-161912","post","type-post","status-publish","format-standard","has-post-thumbnail","hentry","category-politics","tag-digi24"],"_links":{"self":[{"href":"https:\/\/analyse.optim.biz\/index.php?rest_route=\/wp\/v2\/posts\/161912","targetHints":{"allow":["GET"]}}],"collection":[{"href":"https:\/\/analyse.optim.biz\/index.php?rest_route=\/wp\/v2\/posts"}],"about":[{"href":"https:\/\/analyse.optim.biz\/index.php?rest_route=\/wp\/v2\/types\/post"}],"author":[{"embeddable":true,"href":"https:\/\/analyse.optim.biz\/index.php?rest_route=\/wp\/v2\/users\/1"}],"replies":[{"embeddable":true,"href":"https:\/\/analyse.optim.biz\/index.php?rest_route=%2Fwp%2Fv2%2Fcomments&post=161912"}],"version-history":[{"count":0,"href":"https:\/\/analyse.optim.biz\/index.php?rest_route=\/wp\/v2\/posts\/161912\/revisions"}],"wp:featuredmedia":[{"embeddable":true,"href":"https:\/\/analyse.optim.biz\/index.php?rest_route=\/wp\/v2\/media\/161913"}],"wp:attachment":[{"href":"https:\/\/analyse.optim.biz\/index.php?rest_route=%2Fwp%2Fv2%2Fmedia&parent=161912"}],"wp:term":[{"taxonomy":"category","embeddable":true,"href":"https:\/\/analyse.optim.biz\/index.php?rest_route=%2Fwp%2Fv2%2Fcategories&post=161912"},{"taxonomy":"post_tag","embeddable":true,"href":"https:\/\/analyse.optim.biz\/index.php?rest_route=%2Fwp%2Fv2%2Ftags&post=161912"}],"curies":[{"name":"wp","href":"https:\/\/api.w.org\/{rel}","templated":true}]}}