{"id":161887,"date":"2016-07-26T11:54:48","date_gmt":"2016-07-26T08:54:48","guid":{"rendered":"https:\/\/analyse.optim.biz\/?p=161887"},"modified":"2016-07-26T11:54:48","modified_gmt":"2016-07-26T08:54:48","slug":"gabriela-firea-nu-primesc-lectii-de-la-o-firma-care-se-incapataneaza-sa-tina-5-persoane-pe-kiseleff-blocand-sute-de-mii-de-oameni","status":"publish","type":"post","link":"https:\/\/analyse.optim.biz\/?p=161887","title":{"rendered":"Gabriela Firea: Nu primesc lec\u021bii de la o firm\u0103 care se \u00eenc\u0103p\u0103\u021b\u00e2neaz\u0103 s\u0103 \u021bin\u0103 5 persoane pe Kiseleff, bloc\u00e2nd sute de mii de oameni"},"content":{"rendered":"<div class=\"entry data-app-meta data-app-meta-article\" data-embed-base-url-canonical=\"https:\/\/www.digi24.ro\/embed\/stiri\/actualitate\/politica\/gabriela-firea-nu-primesc-lectii-de-la-o-firma-care-se-incapataneaza-sa-tina-5-persoane-pe-kiseleff-blocand-sute-de-mii-de-oameni-542106\">\n<p data-index=\"1\"><img decoding=\"async\" src=\"https:\/\/analyse.optim.biz\/wp-content\/uploads\/2024\/09\/ad05nwyzzwmyyjuxzdm2ogvjy2fizji3ytm4ymq1yjjjza-thumb_.jpg\" data-skip-htmlfix=\"1\" title=\"ad05nwyzzwmyyjuxzdm2ogvjy2fizji3ytm4ymq1yjjjza-thumb_\"><\/p>\n<p data-index=\"2\">\u201eSunt un om care s-a educat, s-a format 20 de ani \u00eentr-o familie de sportivi. Fostul meu so\u021b, Dumnezeu s\u0103-l odihneasc\u0103, antrenor de atletism, profesor de sport, R\u0103zvan Firea a preg\u0103tit talente \u00een acest domeniu. Mama sa, Elena Firea, profesor, antrenor cunoscut de toat\u0103 lumea sportiv\u0103. Fostul meu socru, Victor Firea \u2014 campion. A\u0219a c\u0103 cred nu trebuie s\u0103 primesc lec\u021bii de la o firm\u0103 privat\u0103 care se \u00eenc\u0103p\u0103\u021b\u00e2neaz\u0103 s\u0103 \u021bin\u0103 cinci persoane care s\u0103 joace ceva pe Kiseleff bloc\u00e2nd sute de mii de oameni care merg poate chiar la activit\u0103\u021bi sportive\u201d, a spus Firea, la Palatul Parlamentului, \u00een cadrul forumului \u201eSportul \u2014 disciplin\u0103 cheie pentru dezvoltarea personal\u0103\u201d.<\/p>\n<p data-index=\"3\">Ea a sus\u021binut c\u0103 organizatorii, dac\u0103 doresc s\u0103 promoveze sportul, nu ar trebui s\u0103 se prevaleze de un anumit spa\u021biu, ci s\u0103 g\u0103seasc\u0103 solu\u021bii.<\/p>\n<p data-index=\"4\">\u201eAm devenit o persoan\u0103 &#8216;controversat\u0103&#8217; \u00een Bucure\u0219ti din punct de vedere al sus\u021binerii activit\u0103\u021bii sportive pe bulevardul Kiseleff. (&#8230;) C\u00e2nd militezi pentru o activitate sportiv\u0103, g\u0103se\u0219ti solu\u021bii pentru a desf\u0103\u0219ura acea activitate \u0219i nu te prevalezi doar de un spa\u021biu sau altul. Dac\u0103, \u00een schimb, \u00een spatele activit\u0103\u021bii sportive sunt interese comerciale, intr\u0103m \u00eentr-o alt\u0103 zon\u0103\u201d, a mai spus edilul Capitalei.<\/p>\n<p data-index=\"5\">Gabriela Firea a precizat c\u0103 face aceste declara\u021bii pentru c\u0103 are \u201eun of\u201d \u0219i \u201eau durut-o\u201d acuza\u021biile c\u0103 nu ar sus\u021bine sportul, \u00eentruc\u00e2t, a ad\u0103ugat ea, l-a \u00eendr\u0103git dintotdeauna \u0219i a crescut \u00eentr-o familie de sportivi.<\/p>\n<\/div>\n<p> Source URL: https:\/\/www.digi24.ro\/stiri\/actualitate\/politica\/gabriela-firea-nu-primesc-lectii-de-la-o-firma-care-se-incapataneaza-sa-tina-5-persoane-pe-kiseleff-blocand-sute-de-mii-de-oameni-542106<\/p>\n","protected":false},"excerpt":{"rendered":"<p>\u201eSunt un om care s-a educat, s-a format 20 de ani \u00eentr-o familie de sportivi. Fostul meu so\u021b, Dumnezeu s\u0103-l odihneasc\u0103, antrenor de atletism, profesor de sport, R\u0103zvan Firea a preg\u0103tit talente \u00een acest domeniu. Mama sa, Elena Firea, profesor, antrenor cunoscut de toat\u0103 lumea sportiv\u0103. Fostul meu socru, Victor Firea \u2014 campion. A\u0219a c\u0103 [&hellip;]<\/p>\n","protected":false},"author":1,"featured_media":161888,"comment_status":"open","ping_status":"","sticky":false,"template":"","format":"standard","meta":{"footnotes":""},"categories":[2],"tags":[11],"class_list":["post-161887","post","type-post","status-publish","format-standard","has-post-thumbnail","hentry","category-politics","tag-digi24"],"_links":{"self":[{"href":"https:\/\/analyse.optim.biz\/index.php?rest_route=\/wp\/v2\/posts\/161887","targetHints":{"allow":["GET"]}}],"collection":[{"href":"https:\/\/analyse.optim.biz\/index.php?rest_route=\/wp\/v2\/posts"}],"about":[{"href":"https:\/\/analyse.optim.biz\/index.php?rest_route=\/wp\/v2\/types\/post"}],"author":[{"embeddable":true,"href":"https:\/\/analyse.optim.biz\/index.php?rest_route=\/wp\/v2\/users\/1"}],"replies":[{"embeddable":true,"href":"https:\/\/analyse.optim.biz\/index.php?rest_route=%2Fwp%2Fv2%2Fcomments&post=161887"}],"version-history":[{"count":0,"href":"https:\/\/analyse.optim.biz\/index.php?rest_route=\/wp\/v2\/posts\/161887\/revisions"}],"wp:featuredmedia":[{"embeddable":true,"href":"https:\/\/analyse.optim.biz\/index.php?rest_route=\/wp\/v2\/media\/161888"}],"wp:attachment":[{"href":"https:\/\/analyse.optim.biz\/index.php?rest_route=%2Fwp%2Fv2%2Fmedia&parent=161887"}],"wp:term":[{"taxonomy":"category","embeddable":true,"href":"https:\/\/analyse.optim.biz\/index.php?rest_route=%2Fwp%2Fv2%2Fcategories&post=161887"},{"taxonomy":"post_tag","embeddable":true,"href":"https:\/\/analyse.optim.biz\/index.php?rest_route=%2Fwp%2Fv2%2Ftags&post=161887"}],"curies":[{"name":"wp","href":"https:\/\/api.w.org\/{rel}","templated":true}]}}