{"id":161865,"date":"2016-07-26T18:46:42","date_gmt":"2016-07-26T15:46:42","guid":{"rendered":"https:\/\/analyse.optim.biz\/?p=161865"},"modified":"2016-07-26T18:46:42","modified_gmt":"2016-07-26T15:46:42","slug":"tariceanu-sa-demisioneze-toti-parlamentarii-ca-sa-avem-alegeri-anticipate","status":"publish","type":"post","link":"https:\/\/analyse.optim.biz\/?p=161865","title":{"rendered":"T\u0103riceanu: S\u0103 demisioneze to\u0163i parlamentarii, ca s\u0103 avem alegeri anticipate!"},"content":{"rendered":"<div class=\"entry data-app-meta data-app-meta-article\" data-embed-base-url-canonical=\"https:\/\/www.digi24.ro\/embed\/stiri\/actualitate\/politica\/tariceanu-sa-demisioneze-toti-parlamentarii-ca-sa-avem-alegeri-anticipate-542261\">\n<p data-index=\"1\">C\u0103lin Popescu T\u0103riceanu: \u201eData alegerilor se decaleaz\u0103 permanent ca s\u0103 ajung\u0103 probabil la un moment dat s\u0103 fie organizate \u00een ianuarie, februarie, sau de Cr\u0103ciun, c\u00e2nd sunt cele mai proaste condi\u0163ii meteorologice posibile \u00een Rom\u00e2nia defavorabile prezen\u0163ei la vot. Trebuie to\u0163i parlamentarii s\u0103 demisioneze, ca s\u0103 putem provoca alegeri anticipate\u201d.<\/p>\n<\/div>\n<p> Source URL: https:\/\/www.digi24.ro\/stiri\/actualitate\/politica\/tariceanu-sa-demisioneze-toti-parlamentarii-ca-sa-avem-alegeri-anticipate-542261<\/p>\n","protected":false},"excerpt":{"rendered":"<p>C\u0103lin Popescu T\u0103riceanu: \u201eData alegerilor se decaleaz\u0103 permanent ca s\u0103 ajung\u0103 probabil la un moment dat s\u0103 fie organizate \u00een ianuarie, februarie, sau de Cr\u0103ciun, c\u00e2nd sunt cele mai proaste condi\u0163ii meteorologice posibile \u00een Rom\u00e2nia defavorabile prezen\u0163ei la vot. Trebuie to\u0163i parlamentarii s\u0103 demisioneze, ca s\u0103 putem provoca alegeri anticipate\u201d. Source URL: https:\/\/www.digi24.ro\/stiri\/actualitate\/politica\/tariceanu-sa-demisioneze-toti-parlamentarii-ca-sa-avem-alegeri-anticipate-542261<\/p>\n","protected":false},"author":1,"featured_media":161866,"comment_status":"open","ping_status":"","sticky":false,"template":"","format":"standard","meta":{"footnotes":""},"categories":[2],"tags":[11],"class_list":["post-161865","post","type-post","status-publish","format-standard","has-post-thumbnail","hentry","category-politics","tag-digi24"],"_links":{"self":[{"href":"https:\/\/analyse.optim.biz\/index.php?rest_route=\/wp\/v2\/posts\/161865","targetHints":{"allow":["GET"]}}],"collection":[{"href":"https:\/\/analyse.optim.biz\/index.php?rest_route=\/wp\/v2\/posts"}],"about":[{"href":"https:\/\/analyse.optim.biz\/index.php?rest_route=\/wp\/v2\/types\/post"}],"author":[{"embeddable":true,"href":"https:\/\/analyse.optim.biz\/index.php?rest_route=\/wp\/v2\/users\/1"}],"replies":[{"embeddable":true,"href":"https:\/\/analyse.optim.biz\/index.php?rest_route=%2Fwp%2Fv2%2Fcomments&post=161865"}],"version-history":[{"count":0,"href":"https:\/\/analyse.optim.biz\/index.php?rest_route=\/wp\/v2\/posts\/161865\/revisions"}],"wp:featuredmedia":[{"embeddable":true,"href":"https:\/\/analyse.optim.biz\/index.php?rest_route=\/wp\/v2\/media\/161866"}],"wp:attachment":[{"href":"https:\/\/analyse.optim.biz\/index.php?rest_route=%2Fwp%2Fv2%2Fmedia&parent=161865"}],"wp:term":[{"taxonomy":"category","embeddable":true,"href":"https:\/\/analyse.optim.biz\/index.php?rest_route=%2Fwp%2Fv2%2Fcategories&post=161865"},{"taxonomy":"post_tag","embeddable":true,"href":"https:\/\/analyse.optim.biz\/index.php?rest_route=%2Fwp%2Fv2%2Ftags&post=161865"}],"curies":[{"name":"wp","href":"https:\/\/api.w.org\/{rel}","templated":true}]}}