{"id":161862,"date":"2016-07-26T23:07:37","date_gmt":"2016-07-26T20:07:37","guid":{"rendered":"https:\/\/analyse.optim.biz\/?p=161862"},"modified":"2016-07-26T23:07:37","modified_gmt":"2016-07-26T20:07:37","slug":"decret-semnat-de-k-iohannis-doi-parlamentari-au-primit-titlul-de-luptator-cu-rol-determinant-in-1989-alaturi-de-alte-545-de-persoane","status":"publish","type":"post","link":"https:\/\/analyse.optim.biz\/?p=161862","title":{"rendered":"Decret semnat de K. Iohannis: Doi parlamentari au primit titlul de Lupt\u0103tor cu Rol Determinant \u00een 1989, al\u0103turi de alte 545 de persoane"},"content":{"rendered":"<div class=\"entry data-app-meta data-app-meta-article\" data-embed-base-url-canonical=\"https:\/\/www.digi24.ro\/embed\/stiri\/actualitate\/politica\/decret-semnat-de-k-iohannis-doi-parlamentari-au-primit-titlul-de-luptator-cu-rol-determinant-in-1989-alaturi-de-alte-545-de-persoane-542333\">\n<p data-index=\"1\">\u00a0<img decoding=\"async\" src=\"https:\/\/analyse.optim.biz\/wp-content\/uploads\/2024\/09\/dz04mdamagfzad0wngfmmtc2njzhnjkyndm2mji1ngjjngq1owm1mdnimq-thumb_.jpg\" data-skip-htmlfix=\"1\" title=\"dz04mdamagfzad0wngfmmtc2njzhnjkyndm2mji1ngjjngq1owm1mdnimq-thumb_\"><\/p>\n<p data-index=\"2\"><strong>ACTUALIZARE.\u00a0<\/strong>Gen. Dumitru Iliescu <a href=\"https:\/\/www.digi24.ro\/Stiri\/Digi24\/Actualitate\/Politica\/GEN+DUMITRU+ILIESCU+DEZMINTIRE+\" target=\"_blank\" data-skip-linkfix=\"1\" rel=\"noopener\">a declarat, pentru Digi24.ro<\/a>, c\u0103 nu el este cel decorat de pre\u0219edintele Klaus Iohannis, c\u0103 nu a fost nici anun\u021bat, nici consultat \u00een momentul complet\u0103rii listelor de revolu\u021bionari onora\u021bi de \u0219eful statului, iar el nu mai de\u021bine un astfel de titlu.<\/p>\n<p data-index=\"3\">Revolu\u0163ionarul decorat, mar\u0163i, de pre\u015fedintele Klaus Iohannis nu este fostul \u015fef al Serviciului de Protec\u0163ie \u015fi Paz\u0103 Dumitru Iliescu, fiind doar o confuzie de nume. Cel decorat este Dumitru Iliescu, ortoped \u00een zilele Revolu\u0163iei, a precizat \u0219i secretarul de stat Adrian Sanda.<\/p>\n<p data-index=\"4\">\u0218tirea ini\u021bial\u0103, publicat\u0103 de News.ro \u0219i preluat\u0103 de Digi24, a fost, de altfel, dezmin\u021bit\u0103 \u0219i de agen\u021bia de pres\u0103, care a precizat de asemenea c\u0103 a fost vorba despre o confuzie de nume.<\/p>\n<hr>\n<p data-index=\"5\">Dumitru Iliescu era c\u0103pitan \u00een for\u0163ele de blindate \u00een decembrie 1989, fiind prezent la Universitate \u00een noaptea de 21 spre 22, c\u00e2nd transportoarele blindate au spart baricada f\u0103cut\u0103 de revolu\u0163ionari \u00een fa\u0163a hotelului Intercontinental, \u00eens\u0103 Iliescu a negat implicarea \u00een aceast\u0103 opera\u0163iune, scrie News.ro. Pe 26 decembrie a devenit \u015feful nucleului de ofi\u0163eri care, \u00een 1991, urmau s\u0103 devin\u0103 Serviciul de Protec\u0163ie \u015fi Paz\u0103.<\/p>\n<p data-index=\"6\">\u00cen timpul primelor dou\u0103 mandate de pre\u015fedinte al Rom\u00e2niei ale lui Ion Iliescu, Dumitru Iliescu a avansat constant, intr\u00e2nd \u00een rezerv\u0103 cu gradul de general de divizie. A fost rechemat \u00een serviciu \u00een al treilea mandat preziden\u0163ial al lui Iliescu, perioad\u0103 \u00een care a mai primit \u00eenc\u0103 dou\u0103 stele de general, \u00eenainte de a se pensiona definitiv.<\/p>\n<p data-index=\"7\">Reprezentantul minorit\u0103\u0163ii rutene \u00een Parlament, Gheorghe Firczak, a c\u0103p\u0103tat titlul de \u201dLupt\u0103tor cu Rol Determinant pentru contribu\u0163ia avut\u0103 la victoria Revolu\u0163iei la Deva. Pentru merite similare, dar \u00een Bac\u0103u, titlul a fost ob\u0163inut \u015fi de senatorul PNL Vasile Nistor. Acesta a fost deputat \u00een perioada 1990-2004 \u015fi senator \u00eencep\u00e2nd cu 2008.<\/p>\n<p data-index=\"8\">Pe lista dat\u0103 publicit\u0103\u0163ii de c\u0103tre Administra\u0163ia Preziden\u0163ial\u0103 se reg\u0103se\u015fte \u015fi un fost parlamentar, Florin R\u0103dulescu-Botic\u0103, ales senator de Timi\u015f \u00een legislatura 1992-1996.<\/p>\n<\/div>\n<p> Source URL: https:\/\/www.digi24.ro\/stiri\/actualitate\/politica\/decret-semnat-de-k-iohannis-doi-parlamentari-au-primit-titlul-de-luptator-cu-rol-determinant-in-1989-alaturi-de-alte-545-de-persoane-542333<\/p>\n","protected":false},"excerpt":{"rendered":"<p>\u00a0 ACTUALIZARE.\u00a0Gen. Dumitru Iliescu a declarat, pentru Digi24.ro, c\u0103 nu el este cel decorat de pre\u0219edintele Klaus Iohannis, c\u0103 nu a fost nici anun\u021bat, nici consultat \u00een momentul complet\u0103rii listelor de revolu\u021bionari onora\u021bi de \u0219eful statului, iar el nu mai de\u021bine un astfel de titlu. Revolu\u0163ionarul decorat, mar\u0163i, de pre\u015fedintele Klaus Iohannis nu este fostul [&hellip;]<\/p>\n","protected":false},"author":1,"featured_media":161863,"comment_status":"open","ping_status":"","sticky":false,"template":"","format":"standard","meta":{"footnotes":""},"categories":[2],"tags":[11],"class_list":["post-161862","post","type-post","status-publish","format-standard","has-post-thumbnail","hentry","category-politics","tag-digi24"],"_links":{"self":[{"href":"https:\/\/analyse.optim.biz\/index.php?rest_route=\/wp\/v2\/posts\/161862","targetHints":{"allow":["GET"]}}],"collection":[{"href":"https:\/\/analyse.optim.biz\/index.php?rest_route=\/wp\/v2\/posts"}],"about":[{"href":"https:\/\/analyse.optim.biz\/index.php?rest_route=\/wp\/v2\/types\/post"}],"author":[{"embeddable":true,"href":"https:\/\/analyse.optim.biz\/index.php?rest_route=\/wp\/v2\/users\/1"}],"replies":[{"embeddable":true,"href":"https:\/\/analyse.optim.biz\/index.php?rest_route=%2Fwp%2Fv2%2Fcomments&post=161862"}],"version-history":[{"count":0,"href":"https:\/\/analyse.optim.biz\/index.php?rest_route=\/wp\/v2\/posts\/161862\/revisions"}],"wp:featuredmedia":[{"embeddable":true,"href":"https:\/\/analyse.optim.biz\/index.php?rest_route=\/wp\/v2\/media\/161863"}],"wp:attachment":[{"href":"https:\/\/analyse.optim.biz\/index.php?rest_route=%2Fwp%2Fv2%2Fmedia&parent=161862"}],"wp:term":[{"taxonomy":"category","embeddable":true,"href":"https:\/\/analyse.optim.biz\/index.php?rest_route=%2Fwp%2Fv2%2Fcategories&post=161862"},{"taxonomy":"post_tag","embeddable":true,"href":"https:\/\/analyse.optim.biz\/index.php?rest_route=%2Fwp%2Fv2%2Ftags&post=161862"}],"curies":[{"name":"wp","href":"https:\/\/api.w.org\/{rel}","templated":true}]}}