{"id":161859,"date":"2016-07-27T09:49:26","date_gmt":"2016-07-27T06:49:26","guid":{"rendered":"https:\/\/analyse.optim.biz\/?p=161859"},"modified":"2016-07-27T09:49:26","modified_gmt":"2016-07-27T06:49:26","slug":"premierul-dacian-ciolos-implineste-47-de-ani","status":"publish","type":"post","link":"https:\/\/analyse.optim.biz\/?p=161859","title":{"rendered":"Premierul Dacian Ciolo\u015f \u00eempline\u015fte 47 de ani"},"content":{"rendered":"<div class=\"entry data-app-meta data-app-meta-article\" data-embed-base-url-canonical=\"https:\/\/www.digi24.ro\/embed\/stiri\/actualitate\/politica\/premierul-dacian-ciolos-implineste-47-de-ani-542385\">\n<p data-index=\"1\"><img decoding=\"async\" src=\"https:\/\/analyse.optim.biz\/wp-content\/uploads\/2024\/09\/mczoyxnopwi5ytcyywziogewmdqxntu4mmy2mwu1ota0m2i4oddj-thumb_.jpg\" data-skip-htmlfix=\"1\" title=\"mczoyxnopwi5ytcyywziogewmdqxntu4mmy2mwu1ota0m2i4oddj-thumb_\"><\/p>\n<p data-index=\"2\">Dacian Ciolo\u015f s-a n\u0103scut pe 27 iulie 1969, la Zal\u0103u \u015fi a copil\u0103rit \u00een satul bunicilor s\u0103i, la Pericei \u00een S\u0103laj. \u00centr-un interviu acordat revistei Sinteza, \u00een 2014, Dacian Ciolo\u015f declara c\u0103 \u00eei pl\u0103cea mult s\u0103 tr\u0103iasc\u0103 acolo \u015fi s\u0103 lucreze cu bunicii s\u0103i la c\u00e2mp.<\/p>\n<p data-index=\"3\">\u201ePentru mine \u015fcoala \u00eentrerupea vacan\u0163ele, nu vacan\u0163ele \u015fcoala. \u015ei n-a existat vacan\u0163\u0103 pe care s\u0103 nu mi-o petrec la bunici, la c\u00e2mp. Acolo m\u0103 sim\u0163eam eu \u00eemp\u0103cat\u201d, declara actualul premier.<\/p>\n<p data-index=\"4\">Dacian Ciolo\u015f mai spunea c\u0103 s-a \u00eendreptat spre facultate \u201ecu decizia ferm\u0103\u201d de a urma horticultura, sec\u0163ie, la acea vreme, \u00een cadrul Facult\u0103\u0163ii de Agricultur\u0103.<\/p>\n<p data-index=\"5\">\u201eCum examenul era foarte greu, iar eu am f\u0103cut prostia s\u0103 scriu o singur\u0103 op\u0163iune, nu am intrat la horticultur\u0103, de\u015fi am avut media peste 9. M-am dus \u00een armat\u0103, dar, \u00eenainte de \u00eencorporare, \u00een vara aceea, am lucrat c\u00e2teva luni la un IAS de l\u00e2ng\u0103 Zal\u0103u. Mi-a prins foarte bine acea prim\u0103 experien\u0163a profesional\u0103. atunci am \u00eenv\u0103\u0163at multe \u015fi am \u00eenceput s\u0103 m\u0103 c\u0103lesc profesional, acolo la baz\u0103, la umbra remorcii de tractor. Apoi am intrat la facultate, iar din &#8217;90, \u00een perioada studen\u0163iei, am petrecut mai multe vacan\u0163e \u00een stagii \u00een ferme din Europa, mai ales \u00een Fran\u0163a\u201d, a ar\u0103tat Dacian Ciolo\u015f.<\/p>\n<p data-index=\"6\">Potrivit CV-ului s\u0103u, Ciolo\u015f a terminat \u00een anul 1994 Universitatea de \u015etiin\u0163e Agricole \u015fi Medicin\u0103 Veterinar\u0103 Cluj, Facultatea de Horticultur\u0103, iar \u00een perioada 1995-1996 a ob\u0163inut o diplom\u0103 de Agronomie Aprofundat\u0103, specializarea &#8220;Sisteme de produc\u0163ie \u015fi dezvoltare rural\u0103&#8221; la Ecole Nationale Sup\u00e9rieure Agronomique ENSAR, Rennes, Fran\u0163a \u015fi \u00eentre anii 1996-1997 a f\u0103cut un master \u015ftiin\u0163ific (DEA) \u00een \u201eEconomia dezvolt\u0103rii agricole, agro-alimentare \u015fi rurale\u201d la \u00c9cole Nationale Sup\u00e9rieure Agronomique (ENSAM) \u015fi Universit\u00e9 Montpellier.<\/p>\n<p data-index=\"7\">Dacian Ciolo\u015f a de\u0163inut portofoliul de la Ministerul Agriculturii \u00een perioada octombrie 2007 \u2013 decembrie 2008, \u00een timpul mandatul de premier al lui C\u0103lin Popescu-T\u0103riceanu, iar din iunie p\u00e2n\u0103 \u00een octombrie 2009 a fost pre\u015fedinte al Comisiei Preziden\u0163iale pentru Politici Agricole. \u00cen perioada 2010-2014 a fost comisar european pentru Agricultur\u0103, ulterior devenind consilier special al pre\u015fedintelui Comisiei Europene, Jean-Claude Juncker.<\/p>\n<p data-index=\"8\">Dacian Ciolo\u015f a fost \u00eenvestit \u00een func\u0163ia de prim-ministru la data de 17 noiembrie 2015, ca urmare a depunerii mandatului Executivului condus de fostul premier Victor Ponta. Ciolo\u015f este c\u0103s\u0103torit din 2000 cu Valerie Villemin, pe care a cunoscut-o \u00een Fran\u0163a.<\/p>\n<\/div>\n<p> Source URL: https:\/\/www.digi24.ro\/stiri\/actualitate\/politica\/premierul-dacian-ciolos-implineste-47-de-ani-542385<\/p>\n","protected":false},"excerpt":{"rendered":"<p>Dacian Ciolo\u015f s-a n\u0103scut pe 27 iulie 1969, la Zal\u0103u \u015fi a copil\u0103rit \u00een satul bunicilor s\u0103i, la Pericei \u00een S\u0103laj. \u00centr-un interviu acordat revistei Sinteza, \u00een 2014, Dacian Ciolo\u015f declara c\u0103 \u00eei pl\u0103cea mult s\u0103 tr\u0103iasc\u0103 acolo \u015fi s\u0103 lucreze cu bunicii s\u0103i la c\u00e2mp. \u201ePentru mine \u015fcoala \u00eentrerupea vacan\u0163ele, nu vacan\u0163ele \u015fcoala. \u015ei [&hellip;]<\/p>\n","protected":false},"author":1,"featured_media":161860,"comment_status":"open","ping_status":"","sticky":false,"template":"","format":"standard","meta":{"footnotes":""},"categories":[2],"tags":[11],"class_list":["post-161859","post","type-post","status-publish","format-standard","has-post-thumbnail","hentry","category-politics","tag-digi24"],"_links":{"self":[{"href":"https:\/\/analyse.optim.biz\/index.php?rest_route=\/wp\/v2\/posts\/161859","targetHints":{"allow":["GET"]}}],"collection":[{"href":"https:\/\/analyse.optim.biz\/index.php?rest_route=\/wp\/v2\/posts"}],"about":[{"href":"https:\/\/analyse.optim.biz\/index.php?rest_route=\/wp\/v2\/types\/post"}],"author":[{"embeddable":true,"href":"https:\/\/analyse.optim.biz\/index.php?rest_route=\/wp\/v2\/users\/1"}],"replies":[{"embeddable":true,"href":"https:\/\/analyse.optim.biz\/index.php?rest_route=%2Fwp%2Fv2%2Fcomments&post=161859"}],"version-history":[{"count":0,"href":"https:\/\/analyse.optim.biz\/index.php?rest_route=\/wp\/v2\/posts\/161859\/revisions"}],"wp:featuredmedia":[{"embeddable":true,"href":"https:\/\/analyse.optim.biz\/index.php?rest_route=\/wp\/v2\/media\/161860"}],"wp:attachment":[{"href":"https:\/\/analyse.optim.biz\/index.php?rest_route=%2Fwp%2Fv2%2Fmedia&parent=161859"}],"wp:term":[{"taxonomy":"category","embeddable":true,"href":"https:\/\/analyse.optim.biz\/index.php?rest_route=%2Fwp%2Fv2%2Fcategories&post=161859"},{"taxonomy":"post_tag","embeddable":true,"href":"https:\/\/analyse.optim.biz\/index.php?rest_route=%2Fwp%2Fv2%2Ftags&post=161859"}],"curies":[{"name":"wp","href":"https:\/\/api.w.org\/{rel}","templated":true}]}}