{"id":161845,"date":"2016-07-27T11:12:05","date_gmt":"2016-07-27T08:12:05","guid":{"rendered":"https:\/\/analyse.optim.biz\/?p=161845"},"modified":"2016-07-27T11:12:05","modified_gmt":"2016-07-27T08:12:05","slug":"gen-dumitru-iliescu-spune-ca-nu-el-este-revolutionarul-decorat-de-klaus-iohannis","status":"publish","type":"post","link":"https:\/\/analyse.optim.biz\/?p=161845","title":{"rendered":"Gen. Dumitru Iliescu spune c\u0103 nu el este revolu\u021bionarul decorat de Klaus Iohannis"},"content":{"rendered":"<div class=\"entry data-app-meta data-app-meta-article\" data-embed-base-url-canonical=\"https:\/\/www.digi24.ro\/embed\/stiri\/actualitate\/politica\/gen-dumitru-iliescu-spune-ca-nu-el-este-revolutionarul-decorat-de-klaus-iohannis-542418\">\n<p data-index=\"1\">\u00a0<img decoding=\"async\" src=\"https:\/\/analyse.optim.biz\/wp-content\/uploads\/2024\/09\/njkzmjzkmtg1owuxnwrlotzlnji4ztfmna-thumb_.jpg\" data-skip-htmlfix=\"1\" title=\"njkzmjzkmtg1owuxnwrlotzlnji4ztfmna-thumb_\"><\/p>\n<p data-index=\"2\">Dumitru Iliescu a declarat pentru Digi24.ro c\u0103 el este n\u0103scut \u00een 1956, \u00een vreme ce <strong>titlul acordat de \u0219eful statului i-a fost atribuit unui medic din Bra\u0219ov cu acela\u0219i nume, n\u0103scut \u00een 1936.<\/strong><\/p>\n<p data-index=\"3\">Fostul consilier al lui Ion Iliescu a mai spus c\u0103 acum nu mai de\u021bine niciun titlu sau certificat de revolu\u021bionar. &#8220;Am avut certificat de revolu\u021bionar \u00een anii 90, dar, c\u00e2nd s-au preschimbat, dup\u0103 legea nou\u0103, nu m-am mai dus s\u0103-l \u00eennoiesc, din lips\u0103 de timp&#8221;, spune Dumitru Iliescu, fostul \u015fef al SPP.<\/p>\n<p data-index=\"4\">P\u00e2n\u0103 la ora transmiterii acestei \u0219tiri, Administra\u021bia Preziden\u021bial\u0103 nu a precizat, la solicitarea Digi24, dac\u0103 Dumitru Iliescu, cel decorat, este aceea\u0219i persoan\u0103 cu fostul consilier preziden\u021bial al lui Ion Iliescu.<\/p>\n<p data-index=\"5\"><a href=\"https:\/\/www.digi24.ro\/Stiri\/Digi24\/Actualitate\/Politica\/Decret+semnat+de+K+Iohannis+Fostul+sef+SPP+Dumitru+Iliescu+si+do\" target=\"_blank\" data-skip-linkfix=\"1\" rel=\"noopener\"><strong>Agen\u021bia news.ro a transmis o \u0219tire<\/strong>,<\/a>\u00a0preluat\u0103 de Digi24.ro, care informa c\u0103 pre\u015fedintele Klaus Iohannis a semnat, mar\u0163i, decretul pentru conferirea titlului de &#8220;Lupt\u0103tor pentru Victoria Revolu\u0163iei Rom\u00e2ne din Decembrie 1989 &#8211; Lupt\u0103tor cu Rol Determinant&#8221; unui num\u0103r de 548 de persoane, printre care se reg\u0103sesc Dumitru Iliescu, primul \u015fef al Serviciului de Protec\u0163ie \u015fi Paz\u0103, deputatul Gheorghe Firczak \u015fi senatorul Vasile Nistor.<\/p>\n<p data-index=\"6\">De altfel, \u015fi agen\u0163ia News.ro a transmis, miercuri, o nou\u0103 \u015ftire prin care precizeaz\u0103 c\u0103 a fost vorba despre o confuzie de nume. Secretarul de stat Adrian Sanda a precizat, \u00eentr-o declara\u0163ie pentru News.ro, c\u0103 revolu\u0163ionarul decorat, mar\u0163i, de pre\u015fedintele Klaus Iohannis nu este fostul \u015fef al Serviciului de Protec\u0163ie \u015fi Paz\u0103 Dumitru Iliescu, fiind doar o confuzie de nume. Cel decorat este Dumitru Iliescu, ortoped \u00een zilele Revolu\u0163iei. \u00a0<\/p>\n<\/div>\n<p> Source URL: https:\/\/www.digi24.ro\/stiri\/actualitate\/politica\/gen-dumitru-iliescu-spune-ca-nu-el-este-revolutionarul-decorat-de-klaus-iohannis-542418<\/p>\n","protected":false},"excerpt":{"rendered":"<p>\u00a0 Dumitru Iliescu a declarat pentru Digi24.ro c\u0103 el este n\u0103scut \u00een 1956, \u00een vreme ce titlul acordat de \u0219eful statului i-a fost atribuit unui medic din Bra\u0219ov cu acela\u0219i nume, n\u0103scut \u00een 1936. Fostul consilier al lui Ion Iliescu a mai spus c\u0103 acum nu mai de\u021bine niciun titlu sau certificat de revolu\u021bionar. &#8220;Am [&hellip;]<\/p>\n","protected":false},"author":1,"featured_media":161846,"comment_status":"open","ping_status":"","sticky":false,"template":"","format":"standard","meta":{"footnotes":""},"categories":[2],"tags":[11],"class_list":["post-161845","post","type-post","status-publish","format-standard","has-post-thumbnail","hentry","category-politics","tag-digi24"],"_links":{"self":[{"href":"https:\/\/analyse.optim.biz\/index.php?rest_route=\/wp\/v2\/posts\/161845","targetHints":{"allow":["GET"]}}],"collection":[{"href":"https:\/\/analyse.optim.biz\/index.php?rest_route=\/wp\/v2\/posts"}],"about":[{"href":"https:\/\/analyse.optim.biz\/index.php?rest_route=\/wp\/v2\/types\/post"}],"author":[{"embeddable":true,"href":"https:\/\/analyse.optim.biz\/index.php?rest_route=\/wp\/v2\/users\/1"}],"replies":[{"embeddable":true,"href":"https:\/\/analyse.optim.biz\/index.php?rest_route=%2Fwp%2Fv2%2Fcomments&post=161845"}],"version-history":[{"count":0,"href":"https:\/\/analyse.optim.biz\/index.php?rest_route=\/wp\/v2\/posts\/161845\/revisions"}],"wp:featuredmedia":[{"embeddable":true,"href":"https:\/\/analyse.optim.biz\/index.php?rest_route=\/wp\/v2\/media\/161846"}],"wp:attachment":[{"href":"https:\/\/analyse.optim.biz\/index.php?rest_route=%2Fwp%2Fv2%2Fmedia&parent=161845"}],"wp:term":[{"taxonomy":"category","embeddable":true,"href":"https:\/\/analyse.optim.biz\/index.php?rest_route=%2Fwp%2Fv2%2Fcategories&post=161845"},{"taxonomy":"post_tag","embeddable":true,"href":"https:\/\/analyse.optim.biz\/index.php?rest_route=%2Fwp%2Fv2%2Ftags&post=161845"}],"curies":[{"name":"wp","href":"https:\/\/api.w.org\/{rel}","templated":true}]}}