{"id":161812,"date":"2016-07-27T16:59:23","date_gmt":"2016-07-27T13:59:23","guid":{"rendered":"https:\/\/analyse.optim.biz\/?p=161812"},"modified":"2016-07-27T16:59:23","modified_gmt":"2016-07-27T13:59:23","slug":"cum-se-pregatesc-partidele-pentru-alegerile-parlamentare","status":"publish","type":"post","link":"https:\/\/analyse.optim.biz\/?p=161812","title":{"rendered":"Cum se preg\u0103tesc partidele pentru alegerile parlamentare"},"content":{"rendered":"<div class=\"entry data-app-meta data-app-meta-article\" data-embed-base-url-canonical=\"https:\/\/www.digi24.ro\/embed\/stiri\/actualitate\/politica\/cum-se-pregatesc-partidele-pentru-alegerile-parlamentare-542622\">\n<p data-index=\"1\">Liberalii \u015fi-au propus s\u0103 bat\u0103 \u00een cuie lista de viitori parlamentari p\u00e2n\u0103 la finalul verii. Ca s\u0103 ajung\u0103 pe aceast\u0103 list\u0103, candida\u0163ii trebuie s\u0103 respecte criterii de integritate \u015fi s\u0103 fi muncit pentru partid.<\/p>\n<p data-index=\"2\"><em>\u201eSunt 84 de capi de liste, cu Bucure\u0219tiul. Ca s\u0103 intre \u00een Parlament 84 \u00ee\u021bi trebuie 15 la sut\u0103, presupun c\u0103 ne propunem mai mult. Cu candidez unde am candidat\u201d,<\/em> a spus copre\u0219edintele PNL Vasile Blaga.<\/p>\n<p data-index=\"3\"><em>\u201e<\/em><span><em>O s\u0103 fiu pe o list\u0103 \u00eentr-o circumscrip\u021bie unde va fi foarte greu pentru PNL, v\u0103 promit. Nu m\u0103 duc \u00eentr-o filial\u0103 unde e u\u0219or. C\u0103t\u0103lin Predoiu va fi \u00een echipa PNL pe listele pentru Parlament. Nu am decis \u00eenc\u0103 unde va candida fiecare. \u00cencerc\u0103m s\u0103 optimiz\u0103m scorul partidului prin pozi\u021bionarea liderilor pe anumite liste<\/em>\u201d, a ad\u0103ugat copre\u0219edintele PNL Alina Gorghiu.<\/span><\/p>\n<p data-index=\"4\">De asemenea, \u0219i copre\u015fedintele ALDE C\u0103lin Popescu T\u0103riceanu este gata s\u0103 candideze din nou, doar pentru a trage \u00een sus partidul.<\/p>\n<p data-index=\"5\"><em>\u201eAm o ambi\u021bie politic\u0103, ca ALDE s\u0103 fie reprezentat \u00een viitorul Parlament prin for\u021be proprii candid\u00e2nd separat\u201d<\/em>, a spus C\u0103lin Popescu T\u0103riceanu.<\/p>\n<p data-index=\"6\">De\u015fi nu \u00eei sur\u00e2de ideea unei candidaturi la Parlament, \u015fi Traian B\u0103sescu este dispus s\u0103 se sacrifice pentru Mi\u015fcarea Popular\u0103.<\/p>\n<p data-index=\"7\"><em>\u201eDac\u0103 vre\u0163i s\u0103 fiu foarte sincer, nu m\u0103 tenteaz\u0103 activitatea de parlamentar, dar, dac\u0103 vom ajunge la concluzia c\u0103 o candidatur\u0103 a mea ar ajuta partidul, probabil voi candida\u201d,<\/em> a spus liderul PMP.<\/p>\n<p data-index=\"8\">Social-democra\u0163ii din jude\u0163e au avansat deja \u00een desemnarea viitorilor candida\u0163i. Fostul premier Victor Ponta va deschide lista PSD \u00een jude\u0163ul Gorj, iar fostul ministru Gabriela Szabo va reprezenta partidul la Ilfov.<\/p>\n<p data-index=\"9\"><em>\u201eDac\u0103 m\u0103 pun pe list\u0103, da. Dac\u0103 ei m\u0103 vor, eu \u00eei vreau, toat\u0103 lumea e mul\u021bumit\u0103\u201d<\/em>, a precizat fostul premier.<\/p>\n<p data-index=\"10\">Pre\u015fedintele PSD Liviu Dragnea nu a decis \u00eenc\u0103 dac\u0103 \u00ee\u015fi mai asum\u0103 un mandat \u00een Parlament, mai ales c\u0103 de numele s\u0103u se leag\u0103 o condamnare cu suspendare \u00een dosarul referendumului.<\/p>\n<p data-index=\"11\">De asemenea, Uniunea Salva\u021bi Bucure\u0219tiul care va deveni Uniunea Salva\u021bi Rom\u00e2nia pentru alegerile din toamn\u0103 \u021binte\u0219te c\u0103tre un prag de 10% la parlamentare. Nicu\u0219or Dan, liderul USB, a declarat, \u00eentr-un interviu pentru <a href=\"https:\/\/pressone.ro\/nicusor-dan-nu-ne-asumam-riscul-unei-aliante-pentru-alegerile-parlamentare\/\" target=\"_blank\" data-skip-linkfix=\"1\" rel=\"noopener\">PressOne<\/a>, c\u0103 exclude orice alian\u021b\u0103 pentru alegerile parlamentare.<\/p>\n<p data-index=\"12\">Totu\u0219i, Nicu\u0219or Dan a subliniat c\u0103 USR nu va candida \u00een circumpscrip\u021biile \u00een care candideaz\u0103 partide mai mici, locale, de\u0219i nu vor face o alian\u021b\u0103.<\/p>\n<p data-index=\"13\"><em>\u201eSuntem \u00eentr-un dialog, practic, cu to\u021bi. Exist\u0103 o dificultate: multe s-au definit ca partide locale \u0219i au o istorie foarte scurt\u0103 de rela\u021bionare cu cet\u0103\u021benii din respectivele localit\u0103\u021bi. Dizolvarea brusc\u0103 \u00eentr-un unic partid na\u021bional le-ar afecta rela\u021bia cu cet\u0103\u021benii. Formula ideal\u0103 ar fi ca toate partidele astea s\u0103 formeze o alian\u021b\u0103. Asta ar fi ideal. Din p\u0103cate, sistemul electoral conceput de vechile partide prevede un prag de 10% pentru mari alian\u0163e \u0219i de 8% chiar pentru alian\u021be formate din dou\u0103 partide. \u0218i atunci op\u021biunea noastr\u0103, pe care le-am spus-o direct celor din \u0163ar\u0103, a fost c\u0103 nu ne asum\u0103m riscul \u0103sta. Pentru USR, \u021bintim 10%, dar nu vrem s\u0103 risc\u0103m s\u0103 ne impunem prag de 10% sau de 8%, \u0219i eventual s\u0103 nu intr\u0103m \u00een Parlament din cauza asta. R\u0103m\u00e2ne ca fiecare dintre partidele astea cu care avem valori comune s\u0103 decid\u0103 dac\u0103 vrea s\u0103 facem o alian\u021b\u0103 informal\u0103, astfel \u00eenc\u00e2t noi s\u0103 nu candid\u0103m \u00een jude\u021bul respectiv, dar s\u0103 existe reprezentativitate local\u0103, iar, pe de alt\u0103 parte, pragul s\u0103 fie de 5%\u201d<\/em>, a spus Nicu\u0219or Dan \u00eentr-un interviu pentru <a href=\"https:\/\/pressone.ro\/nicusor-dan-nu-ne-asumam-riscul-unei-aliante-pentru-alegerile-parlamentare\/\" target=\"_blank\" data-skip-linkfix=\"1\" rel=\"noopener\">PressOne<\/a>.<\/p>\n<p data-index=\"14\">Alegerile din toamn\u0103 se desf\u0103\u015foar\u0103, din nou, pe liste, dup\u0103 dou\u0103 legislaturi alese prin vot uninominal. Nu to\u0163i fo\u015ftii ale\u015fi \u00ee\u015fi vor mai g\u0103si locul \u00een viitorul Parlament, care va avea cu peste 100 de mandate \u00een minus.<\/p>\n<h5>Citi\u021bi \u0219i:<\/h5>\n<h5><a href=\"https:\/\/www.digi24.ro\/Stiri\/Digi24\/Actualitate\/Politica\/Ipoteza+In+ce+situatie+ar+putea+ramane+Dacian+Ciolos+premierul+R\" target=\"_blank\" data-skip-linkfix=\"1\" rel=\"noopener\"><span>Ipotez\u0103. \u00cen ce situa\u021bie ar putea r\u0103m\u00e2ne Dacian Ciolo\u0219 premierul Rom\u00e2niei<\/span><\/a><\/h5>\n<h5><a href=\"https:\/\/www.digi24.ro\/Stiri\/Digi24\/Actualitate\/Politica\/Propunere+alegerile+parlamentare+sa+fie+in+timpul+saptamanii\" target=\"_blank\" data-skip-linkfix=\"1\" rel=\"noopener\"><span>Propunere: alegerile parlamentare s\u0103 fie \u00een timpul s\u0103pt\u0103m\u00e2nii<\/span><\/a><\/h5>\n<h5><a href=\"https:\/\/www.digi24.ro\/Stiri\/Digi24\/Actualitate\/Politica\/Partidele+intra+in+campanie+cu+datorii\" target=\"_blank\" data-skip-linkfix=\"1\" rel=\"noopener\"><span>Partidele intr\u0103 \u00een campanie cu datorii\u00a0<\/span><\/a><\/h5>\n<h5><a href=\"https:\/\/www.digi24.ro\/Stiri\/Digi24\/Actualitate\/Politica\/Traian+Basescu+Cel+mai+bun+profil+de+premier+sunt+eu\" target=\"_blank\" data-skip-linkfix=\"1\" rel=\"noopener\"><span>Traian B\u0103sescu: Cel mai bun profil de premier sunt eu<\/span><\/a><\/h5>\n<h5><a href=\"https:\/\/www.digi24.ro\/Stiri\/Digi24\/Actualitate\/Politica\/Cati+alesi+va+avea+urmatorul+Parlament\" target=\"_blank\" data-skip-linkfix=\"1\" rel=\"noopener\"><span>C\u00e2\u021bi ale\u0219i va avea urm\u0103torul Parlament?<\/span><\/a><\/h5>\n<\/div>\n<p> Source URL: https:\/\/www.digi24.ro\/stiri\/actualitate\/politica\/cum-se-pregatesc-partidele-pentru-alegerile-parlamentare-542622<\/p>\n","protected":false},"excerpt":{"rendered":"<p>Liberalii \u015fi-au propus s\u0103 bat\u0103 \u00een cuie lista de viitori parlamentari p\u00e2n\u0103 la finalul verii. Ca s\u0103 ajung\u0103 pe aceast\u0103 list\u0103, candida\u0163ii trebuie s\u0103 respecte criterii de integritate \u015fi s\u0103 fi muncit pentru partid. \u201eSunt 84 de capi de liste, cu Bucure\u0219tiul. Ca s\u0103 intre \u00een Parlament 84 \u00ee\u021bi trebuie 15 la sut\u0103, presupun c\u0103 [&hellip;]<\/p>\n","protected":false},"author":1,"featured_media":161813,"comment_status":"open","ping_status":"","sticky":false,"template":"","format":"standard","meta":{"footnotes":""},"categories":[2],"tags":[11],"class_list":["post-161812","post","type-post","status-publish","format-standard","has-post-thumbnail","hentry","category-politics","tag-digi24"],"_links":{"self":[{"href":"https:\/\/analyse.optim.biz\/index.php?rest_route=\/wp\/v2\/posts\/161812","targetHints":{"allow":["GET"]}}],"collection":[{"href":"https:\/\/analyse.optim.biz\/index.php?rest_route=\/wp\/v2\/posts"}],"about":[{"href":"https:\/\/analyse.optim.biz\/index.php?rest_route=\/wp\/v2\/types\/post"}],"author":[{"embeddable":true,"href":"https:\/\/analyse.optim.biz\/index.php?rest_route=\/wp\/v2\/users\/1"}],"replies":[{"embeddable":true,"href":"https:\/\/analyse.optim.biz\/index.php?rest_route=%2Fwp%2Fv2%2Fcomments&post=161812"}],"version-history":[{"count":0,"href":"https:\/\/analyse.optim.biz\/index.php?rest_route=\/wp\/v2\/posts\/161812\/revisions"}],"wp:featuredmedia":[{"embeddable":true,"href":"https:\/\/analyse.optim.biz\/index.php?rest_route=\/wp\/v2\/media\/161813"}],"wp:attachment":[{"href":"https:\/\/analyse.optim.biz\/index.php?rest_route=%2Fwp%2Fv2%2Fmedia&parent=161812"}],"wp:term":[{"taxonomy":"category","embeddable":true,"href":"https:\/\/analyse.optim.biz\/index.php?rest_route=%2Fwp%2Fv2%2Fcategories&post=161812"},{"taxonomy":"post_tag","embeddable":true,"href":"https:\/\/analyse.optim.biz\/index.php?rest_route=%2Fwp%2Fv2%2Ftags&post=161812"}],"curies":[{"name":"wp","href":"https:\/\/api.w.org\/{rel}","templated":true}]}}