{"id":161809,"date":"2016-07-27T23:56:41","date_gmt":"2016-07-27T20:56:41","guid":{"rendered":"https:\/\/analyse.optim.biz\/?p=161809"},"modified":"2016-07-27T23:56:41","modified_gmt":"2016-07-27T20:56:41","slug":"nicusor-dan-usr-si-a-fixat-ca-tinta-pentru-parlamentare-un-scor-de-10","status":"publish","type":"post","link":"https:\/\/analyse.optim.biz\/?p=161809","title":{"rendered":"Nicu\u0219or Dan: USR \u0219i-a fixat ca \u021bint\u0103 pentru parlamentare un scor de 10%"},"content":{"rendered":"<div class=\"entry data-app-meta data-app-meta-article\" data-embed-base-url-canonical=\"https:\/\/www.digi24.ro\/embed\/stiri\/actualitate\/politica\/nicusor-dan-usr-si-a-fixat-ca-tinta-pentru-parlamentare-un-scor-de-10-542735\">\n<p data-index=\"1\"><img decoding=\"async\" src=\"https:\/\/analyse.optim.biz\/wp-content\/uploads\/2024\/09\/lkpqryz3ptgwmczoyxnoptawnzy0ywm0n2nkyjg2yte0m2u4nwmyodeyztgwotgx-thumb_.jpg\" data-skip-htmlfix=\"1\" title=\"lkpqryz3ptgwmczoyxnoptawnzy0ywm0n2nkyjg2yte0m2u4nwmyodeyztgwotgx-thumb_\"><\/p>\n<p data-index=\"2\">\u201e<span>10 % este \u021binta pe care noi ne-am fixat-o pentru alegerile parlamentare. Sunt foarte mul\u021bi factori pe care nu-i control\u0103m, e un factor de notorietate, de fapt, el este principalul, e un factor de resurse pe care vom reu\u0219i sau nu s\u0103 le atragem. Eu cred c\u0103 \u00een m\u0103sura \u00een care oamenii vor ajunge s\u0103 \u0219tie cine suntem \u0219i ce vrem mul\u021bi dintre ei vor veni c\u0103tre noi. Au v\u0103zut toate celelalte partide, c\u00e2te dou\u0103, c\u00e2te trei sau singure, guvern\u00e2nd \u00een modul \u00een care au f\u0103cut-o. \u0218i depinde foarte mult, \u0219i e un lucru la care \u021binem foarte mult, modul \u00een care ne vom comporta \u00een Bucure\u0219ti p\u00e2n\u0103 atunci, cu cele 54 de mandate pe care le avem (la CGMB \u0219i Consiliile locale de Sector \u2014 n.r.)\u201d, a explicat Nicu\u0219or Dan la un <a href=\"http:\/\/www.realitatea.net\/\" target=\"_blank\" data-skip-linkfix=\"1\" rel=\"noopener\">post de televiziune<\/a>.<\/span><\/p>\n<p data-index=\"3\">Despre o alian\u021b\u0103 postelectoral\u0103, el a spus c\u0103 este \u201eo diferen\u021b\u0103 mare \u00eentre local \u0219i na\u021bional\u201d.<\/p>\n<p data-index=\"4\">\u201e<span>Guvernul este ales de votul Parlamentului. Noi vrem s\u0103 vot\u0103m un guvern. Adic\u0103, noi vrem s\u0103 fim \u00een situa\u021bia \u00een care (&#8230;) guvernul depinde de voturile noastre (din Parlament \u2014 n.r.) pentru a impune ni\u0219te condi\u021bii din toate lucrurile pentru care ne-am luptat p\u00e2n\u0103 acum, chiar s\u0103-l amenin\u021b\u0103m, s\u0103-l \u0219antaj\u0103m pozitiv cu faptul c\u0103 dac\u0103 nu face lucrurile acelea pentru care noi ne batem de at\u00e2ta timp ne retragem sprijinul. Deci, \u0103sta este modul \u00een care vrem s\u0103 ac\u021bion\u0103m \u00een Parlament\u201d, a mai spus Nicu\u0219or Dan, ad\u0103ug\u00e2nd c\u0103 o candidatur\u0103 a sa la alegerile parlamentare depinde de decizia partidului.<\/span><\/p>\n<p data-index=\"5\">El a vorbit \u0219i despre construc\u021bia USR la nivel teritorial. \u201eConstruim USR \u00een \u021bar\u0103. (&#8230;) Deja am \u00eenceput cu diaspora, au fost colegele mele \u00een Paris, \u00een Barcelona, \u00een Londra, \u0219i, de s\u0103pt\u0103m\u00e2na viitoare, mergem \u00een \u021bar\u0103. (&#8230;) Am intrat \u00een dialog cu toate adev\u0103ratele noi for\u021be politice care au ap\u0103rut, pentru c\u0103 \u0219ti\u021bi bine c\u0103 au fost \u0219i foste ramuri ale partidelor vechi care au devenit partide noi, nu cu acelea. Am discutat cu candida\u021bi independen\u021bi \u0219i ne-au scris peste 4.000 de oameni din \u021bar\u0103, imediat dup\u0103 ce am anun\u021bat c\u0103 vrem s\u0103 trecem de la Bucure\u0219ti la nivel na\u021bional. (&#8230;) Cu oamenii \u0103\u0219tia constituim nucleele a ceea ce vor fi filialele. Sper ca p\u00e2n\u0103 spre jum\u0103tatea lunii septembrie s\u0103 avem filiale \u00een toate jude\u021bele. Avem nuclee consistente \u00een vreo 20 de jude\u021be\u201d, a sus\u021binut Nicu\u0219or Dan.<\/p>\n<\/div>\n<p> Source URL: https:\/\/www.digi24.ro\/stiri\/actualitate\/politica\/nicusor-dan-usr-si-a-fixat-ca-tinta-pentru-parlamentare-un-scor-de-10-542735<\/p>\n","protected":false},"excerpt":{"rendered":"<p>\u201e10 % este \u021binta pe care noi ne-am fixat-o pentru alegerile parlamentare. Sunt foarte mul\u021bi factori pe care nu-i control\u0103m, e un factor de notorietate, de fapt, el este principalul, e un factor de resurse pe care vom reu\u0219i sau nu s\u0103 le atragem. Eu cred c\u0103 \u00een m\u0103sura \u00een care oamenii vor ajunge s\u0103 [&hellip;]<\/p>\n","protected":false},"author":1,"featured_media":161810,"comment_status":"open","ping_status":"","sticky":false,"template":"","format":"standard","meta":{"footnotes":""},"categories":[2],"tags":[11],"class_list":["post-161809","post","type-post","status-publish","format-standard","has-post-thumbnail","hentry","category-politics","tag-digi24"],"_links":{"self":[{"href":"https:\/\/analyse.optim.biz\/index.php?rest_route=\/wp\/v2\/posts\/161809","targetHints":{"allow":["GET"]}}],"collection":[{"href":"https:\/\/analyse.optim.biz\/index.php?rest_route=\/wp\/v2\/posts"}],"about":[{"href":"https:\/\/analyse.optim.biz\/index.php?rest_route=\/wp\/v2\/types\/post"}],"author":[{"embeddable":true,"href":"https:\/\/analyse.optim.biz\/index.php?rest_route=\/wp\/v2\/users\/1"}],"replies":[{"embeddable":true,"href":"https:\/\/analyse.optim.biz\/index.php?rest_route=%2Fwp%2Fv2%2Fcomments&post=161809"}],"version-history":[{"count":0,"href":"https:\/\/analyse.optim.biz\/index.php?rest_route=\/wp\/v2\/posts\/161809\/revisions"}],"wp:featuredmedia":[{"embeddable":true,"href":"https:\/\/analyse.optim.biz\/index.php?rest_route=\/wp\/v2\/media\/161810"}],"wp:attachment":[{"href":"https:\/\/analyse.optim.biz\/index.php?rest_route=%2Fwp%2Fv2%2Fmedia&parent=161809"}],"wp:term":[{"taxonomy":"category","embeddable":true,"href":"https:\/\/analyse.optim.biz\/index.php?rest_route=%2Fwp%2Fv2%2Fcategories&post=161809"},{"taxonomy":"post_tag","embeddable":true,"href":"https:\/\/analyse.optim.biz\/index.php?rest_route=%2Fwp%2Fv2%2Ftags&post=161809"}],"curies":[{"name":"wp","href":"https:\/\/api.w.org\/{rel}","templated":true}]}}