{"id":161806,"date":"2016-07-28T12:54:24","date_gmt":"2016-07-28T09:54:24","guid":{"rendered":"https:\/\/analyse.optim.biz\/?p=161806"},"modified":"2016-07-28T12:54:24","modified_gmt":"2016-07-28T09:54:24","slug":"ancheta-reluata-in-dosarul-firea-vs-basescu-reactia-primarului-general","status":"publish","type":"post","link":"https:\/\/analyse.optim.biz\/?p=161806","title":{"rendered":"Anchet\u0103 reluat\u0103 \u00een dosarul Firea vs B\u0103sescu. Reac\u021bia primarului general"},"content":{"rendered":"<div class=\"entry data-app-meta data-app-meta-article\" data-embed-base-url-canonical=\"https:\/\/www.digi24.ro\/embed\/stiri\/actualitate\/politica\/ancheta-reluata-in-dosarul-firea-vs-basescu-reactia-primarului-general-542908\">\n<p data-index=\"1\"><img decoding=\"async\" src=\"https:\/\/analyse.optim.biz\/wp-content\/uploads\/2024\/09\/dz04mdamagfzad1lm2yzmtu5yzjimzhizwnmmzc4ytbmm2y2ywmzzjcwzg-thumb_.jpg\" data-skip-htmlfix=\"1\" title=\"dz04mdamagfzad1lm2yzmtu5yzjimzhizwnmmzc4ytbmm2y2ywmzzjcwzg-thumb_\"><\/p>\n<p data-index=\"2\">\u201eDuminic\u0103 seara am fost sunat\u0103 de jurnali\u015fti \u015fi mi s-a spus c\u0103 au aflat pe surse c\u0103 rechizitoriul e gata \u015fi c\u0103 a fost trimis la instan\u0163\u0103. Domnul Bolca\u015f mi-a spus c\u0103 trebuie s\u0103 mi se comunice rechizitoriul, ceea ce p\u00e2n\u0103 acum nu s-a \u00eent\u00e2mplat. Nici mie, nici avocatului nu mi s-a comunicat solu\u0163ia. Solu\u0163ia care acum este infirmat\u0103. Se infirm\u0103 ceva ce eu n-am luat la cuno\u015ftin\u0163\u0103\u201d, a declarat Gabriela Firea.<\/p>\n<p data-index=\"3\">Ea a spus c\u0103 a fost de c\u00e2teva ori la parchet, iar avocatul s\u0103u, Lucian Bolca\u015f, de foarte multe ori.<\/p>\n<p data-index=\"4\">\u201eEu, personal, am fost de c\u00e2teva ori la parchet, domnul Bolca\u015f a fost de foarte multe ori, tot ce ni s-a solicitat am depus la dosar, am fost chiar interogat\u0103 de avoca\u0163ii domnului B\u0103sescu vreo trei ore, nu \u00een\u0163eleg de ce ancheta nu a fost efectiv\u0103\u201d, a mai spus Gabriela Firea.<\/p>\n<p data-index=\"5\">Procurorul general al Parchetului instan\u0163ei supreme, Augustin Laz\u0103r,<a href=\"https:\/\/www.digi24.ro\/Stiri\/Digi24\/Actualitate\/Justitie\/Ancheta+reluata+in+cazul+G+Firea-T+Basescu+Decizia+de+a-l+trimit\" target=\"_blank\" data-skip-linkfix=\"1\" rel=\"noopener\"><strong> a infirmat solu\u0163ia de trimitere \u00een judecat\u0103 a lui Traian B\u0103sescu, \u00een dosarul \u00een care Gabriela Firea \u00eel acuz\u0103 de amenin\u0163are<\/strong><\/a>, motiv\u00e2nd \u201elipsa unei anchete efective, care s\u0103 respecte exigen\u0163ele \u00een materia con\u0163inutului rechizitoriului \u015fi standardelor de claritate \u00een prezentarea acuz\u0103rii \u00een instan\u0163\u0103\u201d.<\/p>\n<p data-index=\"6\">Ancheta va fi reluat\u0103, pentru clarificarea acuza\u0163iilor penale, completarea materialului probator, \u201e\u00een vederea l\u0103muririi tuturor aspectelor cauzei\u201d, urm\u00e2nd s\u0103 se adopte \u201eo solu\u0163ie legal\u0103 \u015fi temeinic\u0103 \u00een cauz\u0103\u201d.<\/p>\n<p data-index=\"7\">\u00cen urma infirm\u0103rii solu\u0163iei ini\u0163iale dispuse de procurori, cercet\u0103rile vor fi reluate de Sec\u0163ia de urm\u0103rire penal\u0103 \u015fi criminalistic\u0103 din Parchetul de pe l\u00e2ng\u0103 \u00cenalta Curte de Casa\u0163ie \u015fi Justi\u0163ie.<\/p>\n<p data-index=\"8\">Ulterior, se va efectua o nou\u0103 evaluare a \u00eentregului material probator, \u00een raport \u015fi de doctrina \u015fi jurispruden\u0163a \u00een materie, \u201epentru a adopta o solu\u0163ie legal\u0103 \u015fi temeinic\u0103 \u00een cauz\u0103\u201d, a precizat PICCJ.<\/p>\n<p data-index=\"9\">Gabriela Firea a depus, \u00een 16 aprilie 2014, o pl\u00e2ngere \u00een care \u00eel acuz\u0103 pe Traian B\u0103sescu, pe atunci pre\u015fedinte al Rom\u00e2niei, de amenin\u0163are \u015fi \u015fantaj, dup\u0103 declara\u0163ii f\u0103cute de acesta la emisiuni televizate.<\/p>\n<p data-index=\"10\">\u00cen denun\u0163ul depus \u00eempotriva lui Traian B\u0103sescu se arat\u0103: \u201e\u00centr-un interviu la postul de televiziune Realitatea TV, difuzat \u00een seara zilei 13.04.2014, \u00een cadrul emisiunii &#8220;Jocuri de putere&#8221;, referindu-se la activitatea parlamentar\u0103 a d-nei senator Firea Gabriela, \u00een cadrul Comisiei parlamentare de anchet\u0103 pentru verificarea legalit\u0103\u0163ii achizi\u0163iei terenurilor din zona comunei Nana, jude\u0163ul C\u0103l\u0103ra\u015fi, a afirmat: &#8220;Mai bine ar sta \u00een banca ei \u015fi s-ar ocupa de ce se \u00eent\u00e2mpl\u0103 pe mo\u015fia so\u0163ului ei unde este primar, c\u0103 s-ar putea s\u0103 nu-l g\u0103seasc\u0103 \u00eentr-o zi acas\u0103 dac\u0103&#8230; Nu-i atent\u0103&#8230; \u00cen\u0163eleg c\u0103 \u00een parohia lui se \u00eent\u00e2mpl\u0103 destule lucruri rele\u201d.\u00a0<\/p>\n<\/div>\n<p> Source URL: https:\/\/www.digi24.ro\/stiri\/actualitate\/politica\/ancheta-reluata-in-dosarul-firea-vs-basescu-reactia-primarului-general-542908<\/p>\n","protected":false},"excerpt":{"rendered":"<p>\u201eDuminic\u0103 seara am fost sunat\u0103 de jurnali\u015fti \u015fi mi s-a spus c\u0103 au aflat pe surse c\u0103 rechizitoriul e gata \u015fi c\u0103 a fost trimis la instan\u0163\u0103. Domnul Bolca\u015f mi-a spus c\u0103 trebuie s\u0103 mi se comunice rechizitoriul, ceea ce p\u00e2n\u0103 acum nu s-a \u00eent\u00e2mplat. Nici mie, nici avocatului nu mi s-a comunicat solu\u0163ia. Solu\u0163ia [&hellip;]<\/p>\n","protected":false},"author":1,"featured_media":161807,"comment_status":"open","ping_status":"","sticky":false,"template":"","format":"standard","meta":{"footnotes":""},"categories":[2],"tags":[11],"class_list":["post-161806","post","type-post","status-publish","format-standard","has-post-thumbnail","hentry","category-politics","tag-digi24"],"_links":{"self":[{"href":"https:\/\/analyse.optim.biz\/index.php?rest_route=\/wp\/v2\/posts\/161806","targetHints":{"allow":["GET"]}}],"collection":[{"href":"https:\/\/analyse.optim.biz\/index.php?rest_route=\/wp\/v2\/posts"}],"about":[{"href":"https:\/\/analyse.optim.biz\/index.php?rest_route=\/wp\/v2\/types\/post"}],"author":[{"embeddable":true,"href":"https:\/\/analyse.optim.biz\/index.php?rest_route=\/wp\/v2\/users\/1"}],"replies":[{"embeddable":true,"href":"https:\/\/analyse.optim.biz\/index.php?rest_route=%2Fwp%2Fv2%2Fcomments&post=161806"}],"version-history":[{"count":0,"href":"https:\/\/analyse.optim.biz\/index.php?rest_route=\/wp\/v2\/posts\/161806\/revisions"}],"wp:featuredmedia":[{"embeddable":true,"href":"https:\/\/analyse.optim.biz\/index.php?rest_route=\/wp\/v2\/media\/161807"}],"wp:attachment":[{"href":"https:\/\/analyse.optim.biz\/index.php?rest_route=%2Fwp%2Fv2%2Fmedia&parent=161806"}],"wp:term":[{"taxonomy":"category","embeddable":true,"href":"https:\/\/analyse.optim.biz\/index.php?rest_route=%2Fwp%2Fv2%2Fcategories&post=161806"},{"taxonomy":"post_tag","embeddable":true,"href":"https:\/\/analyse.optim.biz\/index.php?rest_route=%2Fwp%2Fv2%2Ftags&post=161806"}],"curies":[{"name":"wp","href":"https:\/\/api.w.org\/{rel}","templated":true}]}}