{"id":161803,"date":"2016-07-28T13:31:23","date_gmt":"2016-07-28T10:31:23","guid":{"rendered":"https:\/\/analyse.optim.biz\/?p=161803"},"modified":"2016-07-28T13:31:23","modified_gmt":"2016-07-28T10:31:23","slug":"dragnea-asteptat-din-concediu-ca-sa-negocieze-cu-basescu-inlocuirea-lui-tudy","status":"publish","type":"post","link":"https:\/\/analyse.optim.biz\/?p=161803","title":{"rendered":"Dragnea, a\u0219teptat din concediu ca s\u0103 negocieze cu B\u0103sescu \u00eenlocuirea lui \u201eTudy\u201d"},"content":{"rendered":"<div class=\"entry data-app-meta data-app-meta-article\" data-embed-base-url-canonical=\"https:\/\/www.digi24.ro\/embed\/stiri\/actualitate\/politica\/dragnea-asteptat-din-concediu-ca-sa-negocieze-cu-basescu-inlocuirea-lui-tudy-542929\">\n<p data-index=\"1\"><img decoding=\"async\" src=\"https:\/\/analyse.optim.biz\/wp-content\/uploads\/2024\/09\/yzhinmq2ogvlzji0yzixogizywm2owflywqwodi-thumb_.jpg\" data-skip-htmlfix=\"1\" title=\"yzhinmq2ogvlzji0yzixogizywm2owflywqwodi-thumb_\">Cluj, Timi\u0219 \u0219i<\/p>\n<p data-index=\"2\">Firea a recunoscut, \u00eentr-un<a href=\"http:\/\/adevarul.ro\/live\/\" target=\"_blank\" data-skip-linkfix=\"1\" rel=\"noopener\"> interviu la Adev\u0103rul live<\/a>, c\u0103 se afl\u0103 \u00een impas dup\u0103 ce PMP a fuzionat cu UNPR, astfel c\u0103 partidul condus de Traian B\u0103sescu \u00eei stric\u0103 majoritatea \u00een Consiliul general. Practic, acum PMP are \u0219ase consilieri, doi proveni\u021bi de la UNPR (care au primit locuri pe listele comune cu PSD la Bucure\u0219ti) \u0219i patru de la PMP.<\/p>\n<p data-index=\"3\">Firea a spus c\u0103 PMP i-a cerut postul de viceprimar l\u0103sat liber de Tudy Tudor Ionescu, de la ALDE. Ea a precizat c\u0103 postul de viceprimar era negociat la scar\u0103 na\u021bional\u0103 \u00eentre PSD \u0219i ALDE, \u00eens\u0103 a trebuit s\u0103 am\u00e2ne dou\u0103 s\u0103pt\u0103m\u00e2ni alegerea unui nou viceprimar, pentru c\u0103 nu exist\u0103 \u00eenc\u0103 o \u00een\u021belegere politic\u0103.<\/p>\n<p data-index=\"4\">Ea a mai spus c\u0103 &#8221;nu s-a g\u00e2ndit \u00een profunzime&#8221; la o alian\u021b\u0103 cu partidul condus de Traian B\u0103sescu, \u00eens\u0103 \u00eei apreciaz\u0103 pe consilierii PMP \u0219i crede c\u0103 Lucian Iliescu (consilier intrat pe listele PMP) ar fi chiar un bun pre\u0219edinte al Comisiei de cultur\u0103.<\/p>\n<p data-index=\"5\">\u00cen cazul \u00een care PMP stabilel\u0219te o alian\u021b\u0103 cu PSD \u0219i ALDE la Consiliul General al Capitalei, ar fi cea de-a patra alian\u021b\u0103 \u00een aceast\u0103 formul\u0103, dup\u0103 cele consemnate la \u00a0CJ Constan\u021ba, Cluj si Timis.<\/p>\n<\/div>\n<p> Source URL: https:\/\/www.digi24.ro\/stiri\/actualitate\/politica\/dragnea-asteptat-din-concediu-ca-sa-negocieze-cu-basescu-inlocuirea-lui-tudy-542929<\/p>\n","protected":false},"excerpt":{"rendered":"<p>Cluj, Timi\u0219 \u0219i Firea a recunoscut, \u00eentr-un interviu la Adev\u0103rul live, c\u0103 se afl\u0103 \u00een impas dup\u0103 ce PMP a fuzionat cu UNPR, astfel c\u0103 partidul condus de Traian B\u0103sescu \u00eei stric\u0103 majoritatea \u00een Consiliul general. Practic, acum PMP are \u0219ase consilieri, doi proveni\u021bi de la UNPR (care au primit locuri pe listele comune cu [&hellip;]<\/p>\n","protected":false},"author":1,"featured_media":161804,"comment_status":"open","ping_status":"","sticky":false,"template":"","format":"standard","meta":{"footnotes":""},"categories":[2],"tags":[11],"class_list":["post-161803","post","type-post","status-publish","format-standard","has-post-thumbnail","hentry","category-politics","tag-digi24"],"_links":{"self":[{"href":"https:\/\/analyse.optim.biz\/index.php?rest_route=\/wp\/v2\/posts\/161803","targetHints":{"allow":["GET"]}}],"collection":[{"href":"https:\/\/analyse.optim.biz\/index.php?rest_route=\/wp\/v2\/posts"}],"about":[{"href":"https:\/\/analyse.optim.biz\/index.php?rest_route=\/wp\/v2\/types\/post"}],"author":[{"embeddable":true,"href":"https:\/\/analyse.optim.biz\/index.php?rest_route=\/wp\/v2\/users\/1"}],"replies":[{"embeddable":true,"href":"https:\/\/analyse.optim.biz\/index.php?rest_route=%2Fwp%2Fv2%2Fcomments&post=161803"}],"version-history":[{"count":0,"href":"https:\/\/analyse.optim.biz\/index.php?rest_route=\/wp\/v2\/posts\/161803\/revisions"}],"wp:featuredmedia":[{"embeddable":true,"href":"https:\/\/analyse.optim.biz\/index.php?rest_route=\/wp\/v2\/media\/161804"}],"wp:attachment":[{"href":"https:\/\/analyse.optim.biz\/index.php?rest_route=%2Fwp%2Fv2%2Fmedia&parent=161803"}],"wp:term":[{"taxonomy":"category","embeddable":true,"href":"https:\/\/analyse.optim.biz\/index.php?rest_route=%2Fwp%2Fv2%2Fcategories&post=161803"},{"taxonomy":"post_tag","embeddable":true,"href":"https:\/\/analyse.optim.biz\/index.php?rest_route=%2Fwp%2Fv2%2Ftags&post=161803"}],"curies":[{"name":"wp","href":"https:\/\/api.w.org\/{rel}","templated":true}]}}