{"id":161691,"date":"2016-08-01T12:20:02","date_gmt":"2016-08-01T09:20:02","guid":{"rendered":"https:\/\/analyse.optim.biz\/?p=161691"},"modified":"2016-08-01T12:20:02","modified_gmt":"2016-08-01T09:20:02","slug":"liviu-dragnea-despre-constituirea-majoritatii-in-cgmb-pentru-noi-e-foarte-importanta-alianta-cu-alde","status":"publish","type":"post","link":"https:\/\/analyse.optim.biz\/?p=161691","title":{"rendered":"Liviu Dragnea, despre constituirea majorit\u0103\u021bii \u00een CGMB: Pentru noi e foarte important\u0103 alian\u021ba cu ALDE"},"content":{"rendered":"<div class=\"entry data-app-meta data-app-meta-article\" data-embed-base-url-canonical=\"https:\/\/www.digi24.ro\/embed\/stiri\/actualitate\/politica\/liviu-dragnea-despre-constituirea-majoritatii-in-cgmb-pentru-noi-e-foarte-importanta-alianta-cu-alde-543941\">\n<p data-index=\"1\"><img decoding=\"async\" src=\"https:\/\/analyse.optim.biz\/wp-content\/uploads\/2024\/09\/lmpwzyz3ptgwmczoyxnoptywzjazmwnhzdm5mgq4mzg4yje2mgmyoweznzlmymqw-thumb_.jpg\" data-skip-htmlfix=\"1\" title=\"lmpwzyz3ptgwmczoyxnoptywzjazmwnhzdm5mgq4mzg4yje2mgmyoweznzlmymqw-thumb_\">\u00a0<\/p>\n<p data-index=\"2\">\u201e<span>O s\u0103 discut m\u00e2ine \u0219i cu doamna Firea, o s\u0103 discut \u0219i cu domnul T\u0103riceanu, pentru c\u0103 este un lucru important. Sigur, \u00een mod firesc, ne-am fi dorit ca cei doi consilieri UNPR s\u0103 respecte \u00een\u021belegerea ini\u021bial\u0103, pentru c\u0103 au intrat \u00een CGMB pe listele PSD, dar o s\u0103 vedem, pentru noi e foarte important\u0103 rela\u021bia \u0219i alian\u021ba cu ALDE \u0219i nu vreau s\u0103 o rupem. O s\u0103 discut\u0103m zilele acestea \u0219i cu domnul Steriu, \u0219i cu domnul T\u0103riceanu, \u0219i cu Gabi Firea \u0219i o s\u0103 lu\u0103m o decizie \u00eempreun\u0103\u201d, a declarat Liviu Dragnea, \u00eentr-o interven\u021bie telefonic\u0103 la Antena 3, unde era invitat\u0103 primarul general al Capitalei, Gabriela Firea.<\/span><\/p>\n<p data-index=\"3\"><a href=\"http:\/\/www.agerpres.ro\/\" target=\"_blank\" data-skip-linkfix=\"1\" rel=\"noopener\">Agerpres<\/a> noteaz\u0103 c\u0103 precizarea lui Dragnea a survenit unei \u00eentreb\u0103ri privind modul cum va reu\u0219i alian\u021ba PSD-ALDE s\u0103 adune m\u0103rul necesar de voturi pentru a avea o majoritate calificat\u0103 \u00een CGMB, \u00een condi\u021biile \u00een care grupul PMP ar deveni mai puternic prin al\u0103turarea celor doi consilieri generali ai UNPR, \u00een urma fuziunii dintre cele dou\u0103 partide, \u0219i ar putea astfel s\u0103 propun\u0103 un candidat pentru ocuparea func\u021biei de viceprimar al Capitalei.<\/p>\n<p data-index=\"4\">\u00cen context, Firea a admis c\u0103, dac\u0103 i s-ar ad\u0103uga \u0219i cei doi consilieri din partea UNPR, grupul PMP ar deveni mai \u201econsistent\u201d.<\/p>\n<p data-index=\"5\">\u201eNoi avem 22 de consilieri generali, UNPR \u2014 doi, ALDE \u2014 patru, \u00eempreun\u0103 suntem 28. S-a pus problema, \u00eentr-adev\u0103r, a celor doi consilieri generali UNPR, dac\u0103 r\u0103m\u00e2n \u00een alian\u021ba noastr\u0103 \u2014 pentru c\u0103 ei au ajuns \u00een acest consiliu pe lista PSD-UNPR \u0219i nu pe o list\u0103 proprie de partid \u2014 sau intr\u0103 \u00een grupul PMP. PMP are deja patru consilieri generali, dac\u0103 li s-ar ad\u0103uga \u0219i cei doi din partea UNPR, ar avea \u0219ase consilieri generali. \u00centr-adev\u0103r, un grup pu\u021bin mai consistent dec\u00e2t cel al ALDE, care are patru consilieri generali, dar mai pu\u021bin numeros dec\u00e2t al PNL, care are opt consilieri generali \u0219i dec\u00e2t USB, care are 15\u201d, a comentat Firea.<\/p>\n<\/div>\n<p> Source URL: https:\/\/www.digi24.ro\/stiri\/actualitate\/politica\/liviu-dragnea-despre-constituirea-majoritatii-in-cgmb-pentru-noi-e-foarte-importanta-alianta-cu-alde-543941<\/p>\n","protected":false},"excerpt":{"rendered":"<p>\u00a0 \u201eO s\u0103 discut m\u00e2ine \u0219i cu doamna Firea, o s\u0103 discut \u0219i cu domnul T\u0103riceanu, pentru c\u0103 este un lucru important. Sigur, \u00een mod firesc, ne-am fi dorit ca cei doi consilieri UNPR s\u0103 respecte \u00een\u021belegerea ini\u021bial\u0103, pentru c\u0103 au intrat \u00een CGMB pe listele PSD, dar o s\u0103 vedem, pentru noi e foarte [&hellip;]<\/p>\n","protected":false},"author":1,"featured_media":161692,"comment_status":"open","ping_status":"","sticky":false,"template":"","format":"standard","meta":{"footnotes":""},"categories":[2],"tags":[11],"class_list":["post-161691","post","type-post","status-publish","format-standard","has-post-thumbnail","hentry","category-politics","tag-digi24"],"_links":{"self":[{"href":"https:\/\/analyse.optim.biz\/index.php?rest_route=\/wp\/v2\/posts\/161691","targetHints":{"allow":["GET"]}}],"collection":[{"href":"https:\/\/analyse.optim.biz\/index.php?rest_route=\/wp\/v2\/posts"}],"about":[{"href":"https:\/\/analyse.optim.biz\/index.php?rest_route=\/wp\/v2\/types\/post"}],"author":[{"embeddable":true,"href":"https:\/\/analyse.optim.biz\/index.php?rest_route=\/wp\/v2\/users\/1"}],"replies":[{"embeddable":true,"href":"https:\/\/analyse.optim.biz\/index.php?rest_route=%2Fwp%2Fv2%2Fcomments&post=161691"}],"version-history":[{"count":0,"href":"https:\/\/analyse.optim.biz\/index.php?rest_route=\/wp\/v2\/posts\/161691\/revisions"}],"wp:featuredmedia":[{"embeddable":true,"href":"https:\/\/analyse.optim.biz\/index.php?rest_route=\/wp\/v2\/media\/161692"}],"wp:attachment":[{"href":"https:\/\/analyse.optim.biz\/index.php?rest_route=%2Fwp%2Fv2%2Fmedia&parent=161691"}],"wp:term":[{"taxonomy":"category","embeddable":true,"href":"https:\/\/analyse.optim.biz\/index.php?rest_route=%2Fwp%2Fv2%2Fcategories&post=161691"},{"taxonomy":"post_tag","embeddable":true,"href":"https:\/\/analyse.optim.biz\/index.php?rest_route=%2Fwp%2Fv2%2Ftags&post=161691"}],"curies":[{"name":"wp","href":"https:\/\/api.w.org\/{rel}","templated":true}]}}