{"id":161688,"date":"2016-08-01T15:43:29","date_gmt":"2016-08-01T12:43:29","guid":{"rendered":"https:\/\/analyse.optim.biz\/?p=161688"},"modified":"2016-08-01T15:43:29","modified_gmt":"2016-08-01T12:43:29","slug":"firea-pierde-majoritatea-in-consiliul-general-bucuresti-dupa-decizia-pmp-de-a-ramane-in-opozitie","status":"publish","type":"post","link":"https:\/\/analyse.optim.biz\/?p=161688","title":{"rendered":"Firea pierde majoritatea \u00een Consiliul General Bucure\u0219ti, dup\u0103 decizia PMP de a r\u0103m\u00e2ne \u00een opozi\u021bie"},"content":{"rendered":"<div class=\"entry data-app-meta data-app-meta-article\" data-embed-base-url-canonical=\"https:\/\/www.digi24.ro\/embed\/stiri\/actualitate\/politica\/firea-pierde-majoritatea-in-consiliul-general-bucuresti-dupa-decizia-pmp-de-a-ramane-in-opozitie-544001\">\n<p data-index=\"1\"><img decoding=\"async\" src=\"https:\/\/analyse.optim.biz\/wp-content\/uploads\/2024\/09\/ad1ly2myzde0yjc2nwe3odjioti1zdmyzdi5ogrimmzjza-thumb_.jpg\" data-skip-htmlfix=\"1\" title=\"ad1ly2myzde0yjc2nwe3odjioti1zdmyzdi5ogrimmzjza-thumb_\"><\/p>\n<p data-index=\"2\">&#8221;PMP a decis s\u0103pt\u0103m\u00e2na trecut\u0103 c\u0103 r\u0103m\u00e2ne \u00een opozi\u021bie fa\u021b\u0103 de PSD \u0219i de primarul Gabriela Firea \u0219i va vota doar proiecte care fac mai bun\u0103 via\u021ba bucure\u0219tenilor&#8221;, a declarat, pentru Digi24.ro, Eugen Tomac, pre\u0219edintele executiv al PMP.<\/p>\n<p data-index=\"3\">&#8216;&#8221;Cei doi consilieri proveni\u021bi din UNPR vor fi \u00een opozi\u021bie fa\u021b\u0103 de PSD dup\u0103 fuziunea cu PMP \u0219i nu ne intereseaz\u0103 postul de viceprimar&#8221; r\u0103mas vacant prin demisia lui Tudor Ionescu (Tudy -n.r)\u021a, ne-a declarat, la r\u00e2ndul s\u0103u, fostul pre\u0219edinte UNPR Valeriu Steriu, acum, pre\u0219edinte executiv la PMP.<\/p>\n<p data-index=\"4\">PSD are 22 de consilieri \u0219i se afl\u0103 \u00een alian\u021b\u0103 cu ALDE, forma\u021biune care aduce voturile din tab\u0103ra care o sus\u021bine pe Gabriela Firea la 26.<\/p>\n<p data-index=\"5\">De cealalt\u0103 parte, declara\u021bi \u00een opozi\u021bie, de afl\u0103 USB, cu 15 consilieri, PNL, cu opt, iar PMP, \u0219ase, adic\u0103 29 de consilieri.<\/p>\n<p data-index=\"6\">Miza era o colaborare \u00eentre PMP \u0219i PSD, despre care a vorbit, s\u0103pt\u0103m\u00e2na trecut\u0103, primarul Gabriela Firea. Ea a spus c\u0103 \u00eel a\u0219teapt\u0103 pe pre\u0219edintele PSD, Liviu Dragnea, pentru a negocia cu PMP o alian\u021b\u0103. Ea a invocat faptul c\u0103 ambii consilieri generali pe care \u00eei are UNPR \u0219i care acum reprezint\u0103 PMP (dup\u0103 fuziune) au ijntrat \u00een Consiliul General pe liste comune cu PSD, practic, pe locuri eligibile cedate de social-democra\u021bi.<\/p>\n<p data-index=\"7\">Firea a oferit postul de viceprimar r\u0103mas vacant dup\u0103 demisia lui Tudor Ionescu &#8220;&#8216;Tudy&#8221;, cum este cunoscut \u00een lumea monden\u0103, \u0219i care a fost propulsat de ALDE \u00een aceast\u0103 func\u021bie. Surse politice au vorbit despre o ofert\u0103 concret\u0103 care i-ar fi fost lansat\u0103 unuia dintre consilierii proveni\u021bi din UNPR, Florentina Gherghi\u0219anu, de a fi viceprimar. Valeriu Steriu spune c\u0103 Gherghi\u0219anu a participat la \u0219edin\u021ba la care s-a stabilit c\u0103 PMP r\u0103m\u00e2ne \u00een opozi\u021bie \u0219i c\u0103, juridic vorbind, nu poate fi considerat\u0103 dec\u00e2t membru al PMP.<\/p>\n<p data-index=\"8\">De asemenea, primarul general al Bucure\u0219tilor, a mai vorbit \u0219i de pre\u0219edin\u021bii de comisii pentru reprezentan\u021bii PMP \u0219i a numit chiar Comisia de cultur\u0103, unde \u00eel vedea potrivit pe Lucian Iliescu, de la PMP. Eugen Tomac a precizat c\u0103 algoritmul pentru \u00eemp\u0103r\u021birea \u0219efiei comisiilor din miniparlamentul Capitalei \u00eei acord\u0103 oricum PMP una sau chiar dou\u0103 comisii.<\/p>\n<p data-index=\"9\">PMP s-a aliat cu PSD \u0219i ALDE pentru formarea majorit\u0103\u021bii \u00een cinci consilii jude\u021bene \u2013 Timi\u0219, Cluj, Constan\u021ba, Neam\u021b \u0219i Maramure\u0219.<\/p>\n<p data-index=\"10\">Liderul PSD, Liviu Dragnea, a anun\u021bat c\u0103 la Bucure\u0219ti forma\u021biunea sa se bazeaz\u0103 doar pe cele 26 de voturi ale consilierilor PSD \u0219i ALDE.<\/p>\n<p data-index=\"11\">Ob\u021binerea unei majorit\u0103\u021bi \u00een favoarea primarului Capitalei coincide cu discu\u021bii pentru ocuparea unui post de viceprimar \u0219i cu \u00eemp\u0103r\u021birea \u0219efiei de comisii de specialitate, unde Nicu\u0219or Dan (USB) a cerut un alt algoritm, care a fost respins de to\u021bi ceilal\u021bi consilieri. \u00cen prezent, USB nu are reprezentan\u021bi \u00een nicio comisie a Consiliului general al Capitalei.<\/p>\n<\/div>\n<p> Source URL: https:\/\/www.digi24.ro\/stiri\/actualitate\/politica\/firea-pierde-majoritatea-in-consiliul-general-bucuresti-dupa-decizia-pmp-de-a-ramane-in-opozitie-544001<\/p>\n","protected":false},"excerpt":{"rendered":"<p>&#8221;PMP a decis s\u0103pt\u0103m\u00e2na trecut\u0103 c\u0103 r\u0103m\u00e2ne \u00een opozi\u021bie fa\u021b\u0103 de PSD \u0219i de primarul Gabriela Firea \u0219i va vota doar proiecte care fac mai bun\u0103 via\u021ba bucure\u0219tenilor&#8221;, a declarat, pentru Digi24.ro, Eugen Tomac, pre\u0219edintele executiv al PMP. &#8216;&#8221;Cei doi consilieri proveni\u021bi din UNPR vor fi \u00een opozi\u021bie fa\u021b\u0103 de PSD dup\u0103 fuziunea cu PMP [&hellip;]<\/p>\n","protected":false},"author":1,"featured_media":161689,"comment_status":"open","ping_status":"","sticky":false,"template":"","format":"standard","meta":{"footnotes":""},"categories":[2],"tags":[11],"class_list":["post-161688","post","type-post","status-publish","format-standard","has-post-thumbnail","hentry","category-politics","tag-digi24"],"_links":{"self":[{"href":"https:\/\/analyse.optim.biz\/index.php?rest_route=\/wp\/v2\/posts\/161688","targetHints":{"allow":["GET"]}}],"collection":[{"href":"https:\/\/analyse.optim.biz\/index.php?rest_route=\/wp\/v2\/posts"}],"about":[{"href":"https:\/\/analyse.optim.biz\/index.php?rest_route=\/wp\/v2\/types\/post"}],"author":[{"embeddable":true,"href":"https:\/\/analyse.optim.biz\/index.php?rest_route=\/wp\/v2\/users\/1"}],"replies":[{"embeddable":true,"href":"https:\/\/analyse.optim.biz\/index.php?rest_route=%2Fwp%2Fv2%2Fcomments&post=161688"}],"version-history":[{"count":0,"href":"https:\/\/analyse.optim.biz\/index.php?rest_route=\/wp\/v2\/posts\/161688\/revisions"}],"wp:featuredmedia":[{"embeddable":true,"href":"https:\/\/analyse.optim.biz\/index.php?rest_route=\/wp\/v2\/media\/161689"}],"wp:attachment":[{"href":"https:\/\/analyse.optim.biz\/index.php?rest_route=%2Fwp%2Fv2%2Fmedia&parent=161688"}],"wp:term":[{"taxonomy":"category","embeddable":true,"href":"https:\/\/analyse.optim.biz\/index.php?rest_route=%2Fwp%2Fv2%2Fcategories&post=161688"},{"taxonomy":"post_tag","embeddable":true,"href":"https:\/\/analyse.optim.biz\/index.php?rest_route=%2Fwp%2Fv2%2Ftags&post=161688"}],"curies":[{"name":"wp","href":"https:\/\/api.w.org\/{rel}","templated":true}]}}