{"id":161668,"date":"2016-08-03T15:32:55","date_gmt":"2016-08-03T12:32:55","guid":{"rendered":"https:\/\/analyse.optim.biz\/?p=161668"},"modified":"2016-08-03T15:32:55","modified_gmt":"2016-08-03T12:32:55","slug":"basescu-vrea-alegeri-in-noiembrie","status":"publish","type":"post","link":"https:\/\/analyse.optim.biz\/?p=161668","title":{"rendered":"B\u0103sescu vrea alegeri \u00een noiembrie"},"content":{"rendered":"<div class=\"entry data-app-meta data-app-meta-article\" data-embed-base-url-canonical=\"https:\/\/www.digi24.ro\/embed\/stiri\/actualitate\/politica\/basescu-vrea-alegeri-in-noiembrie-544728\">\n<p data-index=\"1\"><img decoding=\"async\" src=\"https:\/\/analyse.optim.biz\/wp-content\/uploads\/2024\/09\/dz04mdamagfzad04oweynddiyzqyzjgwzte0yzjloda3mmi0nwzkmtizzg-thumb_.jpg\" data-skip-htmlfix=\"1\" title=\"dz04mdamagfzad04oweynddiyzqyzjgwzte0yzjloda3mmi0nwzkmtizzg-thumb_\"><\/p>\n<p data-index=\"2\">Foto- Inquam Photos, Octav Ganea<\/p>\n<p data-index=\"3\">Traian B\u0103sescu a afirmat, citat de news.ro, c\u0103 ambele propuneri ale Guvernului, de organizare a alegerilor fie pe 4, fie pe 11 decembrie, sunt \u201dpu\u0163in fezabile\u201d. \u201dS\u0103 vedem dac\u0103 alegerile \u00een noiembrie s-ar putea desf\u0103\u015fura, pentru c\u0103, da\u0163i-v\u0103 seama, 4 nu se poate, este \u00eentre s\u0103rb\u0103tori, 11 este la opt zile de la data expir\u0103rii mandatului legal al Parlamentului. \u0162ara nu poate sta f\u0103r\u0103 Parlament, e ca \u015fi cum ai spune c\u0103 nu are pre\u015fedinte. Ori, numai premierul, dac\u0103 e desemnat, are, prin Constitu\u0163ie, zece zile pentru a anun\u0163a Cabinetul \u015fi programul\u201d, a explicat Traian B\u0103sescu.<\/p>\n<p data-index=\"4\">El a men\u0163ionat c\u0103 ar trebui adaptat\u0103 decizia privind alegerile parlamentare la termenii constitu\u0163ionali.<\/p>\n<p data-index=\"5\">\u00cen opinia lui Traian B\u0103sescu, actualul Guvern nu va face bugetul pe 2017 la timp. \u201dVor preda o schi\u0163\u0103 de buget, c\u0103 \u00eei oblig\u0103 legea, dar nu va fi adoptat de noul Parlament sau de Parlamentul actual\u201d, a spus el. \u00a0<\/p>\n<\/div>\n<p> Source URL: https:\/\/www.digi24.ro\/stiri\/actualitate\/politica\/basescu-vrea-alegeri-in-noiembrie-544728<\/p>\n","protected":false},"excerpt":{"rendered":"<p>Foto- Inquam Photos, Octav Ganea Traian B\u0103sescu a afirmat, citat de news.ro, c\u0103 ambele propuneri ale Guvernului, de organizare a alegerilor fie pe 4, fie pe 11 decembrie, sunt \u201dpu\u0163in fezabile\u201d. \u201dS\u0103 vedem dac\u0103 alegerile \u00een noiembrie s-ar putea desf\u0103\u015fura, pentru c\u0103, da\u0163i-v\u0103 seama, 4 nu se poate, este \u00eentre s\u0103rb\u0103tori, 11 este la opt [&hellip;]<\/p>\n","protected":false},"author":1,"featured_media":161669,"comment_status":"open","ping_status":"","sticky":false,"template":"","format":"standard","meta":{"footnotes":""},"categories":[2],"tags":[11],"class_list":["post-161668","post","type-post","status-publish","format-standard","has-post-thumbnail","hentry","category-politics","tag-digi24"],"_links":{"self":[{"href":"https:\/\/analyse.optim.biz\/index.php?rest_route=\/wp\/v2\/posts\/161668","targetHints":{"allow":["GET"]}}],"collection":[{"href":"https:\/\/analyse.optim.biz\/index.php?rest_route=\/wp\/v2\/posts"}],"about":[{"href":"https:\/\/analyse.optim.biz\/index.php?rest_route=\/wp\/v2\/types\/post"}],"author":[{"embeddable":true,"href":"https:\/\/analyse.optim.biz\/index.php?rest_route=\/wp\/v2\/users\/1"}],"replies":[{"embeddable":true,"href":"https:\/\/analyse.optim.biz\/index.php?rest_route=%2Fwp%2Fv2%2Fcomments&post=161668"}],"version-history":[{"count":0,"href":"https:\/\/analyse.optim.biz\/index.php?rest_route=\/wp\/v2\/posts\/161668\/revisions"}],"wp:featuredmedia":[{"embeddable":true,"href":"https:\/\/analyse.optim.biz\/index.php?rest_route=\/wp\/v2\/media\/161669"}],"wp:attachment":[{"href":"https:\/\/analyse.optim.biz\/index.php?rest_route=%2Fwp%2Fv2%2Fmedia&parent=161668"}],"wp:term":[{"taxonomy":"category","embeddable":true,"href":"https:\/\/analyse.optim.biz\/index.php?rest_route=%2Fwp%2Fv2%2Fcategories&post=161668"},{"taxonomy":"post_tag","embeddable":true,"href":"https:\/\/analyse.optim.biz\/index.php?rest_route=%2Fwp%2Fv2%2Ftags&post=161668"}],"curies":[{"name":"wp","href":"https:\/\/api.w.org\/{rel}","templated":true}]}}