{"id":161665,"date":"2016-08-03T17:11:46","date_gmt":"2016-08-03T14:11:46","guid":{"rendered":"https:\/\/analyse.optim.biz\/?p=161665"},"modified":"2016-08-03T17:11:46","modified_gmt":"2016-08-03T14:11:46","slug":"ponta-spune-ca-guvernul-ar-fi-incompetent-si-nu-ar-avea-contact-cu-realitatea","status":"publish","type":"post","link":"https:\/\/analyse.optim.biz\/?p=161665","title":{"rendered":"Ponta spune c\u0103 Guvernul ar fi incompetent \u0219i nu ar avea contact cu realitatea"},"content":{"rendered":"<div class=\"entry data-app-meta data-app-meta-article\" data-embed-base-url-canonical=\"https:\/\/www.digi24.ro\/embed\/stiri\/actualitate\/politica\/ponta-spune-ca-guvernul-ar-fi-incompetent-si-nu-ar-avea-contact-cu-realitatea-544773\">\n<p data-index=\"1\"><img decoding=\"async\" src=\"https:\/\/analyse.optim.biz\/wp-content\/uploads\/2024\/09\/jmhhc2g9nze4m2vmzwiwmtgyyji3ndnmnwyzzmyxytmwm2y4mdi-thumb_.jpg\" data-skip-htmlfix=\"1\" title=\"jmhhc2g9nze4m2vmzwiwmtgyyji3ndnmnwyzzmyxytmwm2y4mdi-thumb_\">\u00a0<\/p>\n<p data-index=\"2\">\u00centr-o postare pe facebook, Ponta aminte\u0219te c\u0103 Guvernul pe care l-a condus a m\u0103rit cu indemniza\u021biile veteranilor de r\u0103zboi cu 75%. \u021aNu credeam c\u0103 o s\u0103 vin\u0103 \u00een 2016 un alt Guvern care s\u0103 le ia bani de unde noi am dat!\u021a, a afirmat fostul lider al PSD.<\/p>\n<p data-index=\"3\">\u00cen ap\u0103rarea veteranilor de r\u0103zboi a ap\u0103rut, miercuri, \u0219i interven\u021bia liderului PSD, Liviu Dragnea, care a amenin\u021bat, din nou, Guvernul condus de Dacian Ciolo\u0219 cu o mo\u021biune de cenzur\u0103 \u00een cazul \u00een care nu revine la statutul de neimpozitare pentru imobile \u0219i terenuri a veteranilor de r\u0103zboi.<\/p>\n<\/div>\n<p> Source URL: https:\/\/www.digi24.ro\/stiri\/actualitate\/politica\/ponta-spune-ca-guvernul-ar-fi-incompetent-si-nu-ar-avea-contact-cu-realitatea-544773<\/p>\n","protected":false},"excerpt":{"rendered":"<p>\u00a0 \u00centr-o postare pe facebook, Ponta aminte\u0219te c\u0103 Guvernul pe care l-a condus a m\u0103rit cu indemniza\u021biile veteranilor de r\u0103zboi cu 75%. \u021aNu credeam c\u0103 o s\u0103 vin\u0103 \u00een 2016 un alt Guvern care s\u0103 le ia bani de unde noi am dat!\u021a, a afirmat fostul lider al PSD. \u00cen ap\u0103rarea veteranilor de r\u0103zboi a [&hellip;]<\/p>\n","protected":false},"author":1,"featured_media":161666,"comment_status":"open","ping_status":"","sticky":false,"template":"","format":"standard","meta":{"footnotes":""},"categories":[2],"tags":[11],"class_list":["post-161665","post","type-post","status-publish","format-standard","has-post-thumbnail","hentry","category-politics","tag-digi24"],"_links":{"self":[{"href":"https:\/\/analyse.optim.biz\/index.php?rest_route=\/wp\/v2\/posts\/161665","targetHints":{"allow":["GET"]}}],"collection":[{"href":"https:\/\/analyse.optim.biz\/index.php?rest_route=\/wp\/v2\/posts"}],"about":[{"href":"https:\/\/analyse.optim.biz\/index.php?rest_route=\/wp\/v2\/types\/post"}],"author":[{"embeddable":true,"href":"https:\/\/analyse.optim.biz\/index.php?rest_route=\/wp\/v2\/users\/1"}],"replies":[{"embeddable":true,"href":"https:\/\/analyse.optim.biz\/index.php?rest_route=%2Fwp%2Fv2%2Fcomments&post=161665"}],"version-history":[{"count":0,"href":"https:\/\/analyse.optim.biz\/index.php?rest_route=\/wp\/v2\/posts\/161665\/revisions"}],"wp:featuredmedia":[{"embeddable":true,"href":"https:\/\/analyse.optim.biz\/index.php?rest_route=\/wp\/v2\/media\/161666"}],"wp:attachment":[{"href":"https:\/\/analyse.optim.biz\/index.php?rest_route=%2Fwp%2Fv2%2Fmedia&parent=161665"}],"wp:term":[{"taxonomy":"category","embeddable":true,"href":"https:\/\/analyse.optim.biz\/index.php?rest_route=%2Fwp%2Fv2%2Fcategories&post=161665"},{"taxonomy":"post_tag","embeddable":true,"href":"https:\/\/analyse.optim.biz\/index.php?rest_route=%2Fwp%2Fv2%2Ftags&post=161665"}],"curies":[{"name":"wp","href":"https:\/\/api.w.org\/{rel}","templated":true}]}}