{"id":161662,"date":"2016-08-03T17:44:12","date_gmt":"2016-08-03T14:44:12","guid":{"rendered":"https:\/\/analyse.optim.biz\/?p=161662"},"modified":"2016-08-03T17:44:12","modified_gmt":"2016-08-03T14:44:12","slug":"gabriel-oprea-cere-guvernului-sa-mentina-scutirea-veteranilor-de-impozite","status":"publish","type":"post","link":"https:\/\/analyse.optim.biz\/?p=161662","title":{"rendered":"Gabriel Oprea cere Guvernului s\u0103 men\u021bin\u0103 scutirea veteranilor de impozite"},"content":{"rendered":"<div class=\"entry data-app-meta data-app-meta-article\" data-embed-base-url-canonical=\"https:\/\/www.digi24.ro\/embed\/stiri\/actualitate\/politica\/gabriel-oprea-cere-guvernului-sa-mentina-scutirea-veteranilor-de-impozite-544789\">\n<p data-index=\"1\"><img decoding=\"async\" src=\"https:\/\/analyse.optim.biz\/wp-content\/uploads\/2024\/09\/yxnoptqwmwfhnwyyzmziyzhhmwu5mgm3oty2zmnlnjblztvm-thumb_.jpg\" data-skip-htmlfix=\"1\" title=\"yxnoptqwmwfhnwyyzmziyzhhmwu5mgm3oty2zmnlnjblztvm-thumb_\"><\/p>\n<p data-index=\"2\">Este vorba de o Hot\u0103r\u00e2re recent\u0103 a Guvernului, care stabile\u0219te c\u0103 terenurile \u0219i cl\u0103dirile, ma\u0219inile de\u021binute personal sau \u00een coproprietate de veterani de r\u0103zboi, militarii din teatrele de opera\u021biuni \u0219i v\u0103duvele lor nu mai sunt scutite de impozite.<\/p>\n<p data-index=\"3\">&#8221;Nu cred c\u0103 \u00een banii veteranilor de r\u0103zboi st\u0103 bun\u0103starea \u021b\u0103rii. \u00cen schimb sunt convins c\u0103 exist\u0103 nenum\u0103rate alte zone de unde ar putea veni fonduri consistente la buget&#8221;, spune Gabriel Oprea, care a anun\u021bat c\u0103 din toamn\u0103 se retrage din politic\u0103.<\/p>\n<p data-index=\"4\">Reac\u021bia lui Oprea se al\u0103tur\u0103 \u0219i celei a lui Victor Ponta, care a considerat c\u0103 Guvernul Ciolo\u0219 ar fi incompetent \u0219i lipsit de contact cu realitatea pentru m\u0103sura luat\u0103. Liviu Dragnea, liderul PSD, a amenin\u021bat Executivul cu o mo\u021biune de cenzur\u0103 pentru aceea\u0219i m\u0103sur\u0103.<\/p>\n<\/div>\n<p> Source URL: https:\/\/www.digi24.ro\/stiri\/actualitate\/politica\/gabriel-oprea-cere-guvernului-sa-mentina-scutirea-veteranilor-de-impozite-544789<\/p>\n","protected":false},"excerpt":{"rendered":"<p>Este vorba de o Hot\u0103r\u00e2re recent\u0103 a Guvernului, care stabile\u0219te c\u0103 terenurile \u0219i cl\u0103dirile, ma\u0219inile de\u021binute personal sau \u00een coproprietate de veterani de r\u0103zboi, militarii din teatrele de opera\u021biuni \u0219i v\u0103duvele lor nu mai sunt scutite de impozite. &#8221;Nu cred c\u0103 \u00een banii veteranilor de r\u0103zboi st\u0103 bun\u0103starea \u021b\u0103rii. \u00cen schimb sunt convins c\u0103 exist\u0103 [&hellip;]<\/p>\n","protected":false},"author":1,"featured_media":161663,"comment_status":"open","ping_status":"","sticky":false,"template":"","format":"standard","meta":{"footnotes":""},"categories":[2],"tags":[11],"class_list":["post-161662","post","type-post","status-publish","format-standard","has-post-thumbnail","hentry","category-politics","tag-digi24"],"_links":{"self":[{"href":"https:\/\/analyse.optim.biz\/index.php?rest_route=\/wp\/v2\/posts\/161662","targetHints":{"allow":["GET"]}}],"collection":[{"href":"https:\/\/analyse.optim.biz\/index.php?rest_route=\/wp\/v2\/posts"}],"about":[{"href":"https:\/\/analyse.optim.biz\/index.php?rest_route=\/wp\/v2\/types\/post"}],"author":[{"embeddable":true,"href":"https:\/\/analyse.optim.biz\/index.php?rest_route=\/wp\/v2\/users\/1"}],"replies":[{"embeddable":true,"href":"https:\/\/analyse.optim.biz\/index.php?rest_route=%2Fwp%2Fv2%2Fcomments&post=161662"}],"version-history":[{"count":0,"href":"https:\/\/analyse.optim.biz\/index.php?rest_route=\/wp\/v2\/posts\/161662\/revisions"}],"wp:featuredmedia":[{"embeddable":true,"href":"https:\/\/analyse.optim.biz\/index.php?rest_route=\/wp\/v2\/media\/161663"}],"wp:attachment":[{"href":"https:\/\/analyse.optim.biz\/index.php?rest_route=%2Fwp%2Fv2%2Fmedia&parent=161662"}],"wp:term":[{"taxonomy":"category","embeddable":true,"href":"https:\/\/analyse.optim.biz\/index.php?rest_route=%2Fwp%2Fv2%2Fcategories&post=161662"},{"taxonomy":"post_tag","embeddable":true,"href":"https:\/\/analyse.optim.biz\/index.php?rest_route=%2Fwp%2Fv2%2Ftags&post=161662"}],"curies":[{"name":"wp","href":"https:\/\/api.w.org\/{rel}","templated":true}]}}