{"id":161659,"date":"2016-08-04T11:38:48","date_gmt":"2016-08-04T08:38:48","guid":{"rendered":"https:\/\/analyse.optim.biz\/?p=161659"},"modified":"2016-08-04T11:38:48","modified_gmt":"2016-08-04T08:38:48","slug":"adriana-saftoiu-propune-pnl-sa-i-retraga-de-pe-liste-pe-parlamentarii-cu-3-4-mandate","status":"publish","type":"post","link":"https:\/\/analyse.optim.biz\/?p=161659","title":{"rendered":"Adriana S\u0103ftoiu propune PNL s\u0103-i retrag\u0103 de pe liste pe parlamentarii cu 3-4 mandate"},"content":{"rendered":"<div class=\"entry data-app-meta data-app-meta-article\" data-embed-base-url-canonical=\"https:\/\/www.digi24.ro\/embed\/stiri\/actualitate\/politica\/adriana-saftoiu-propune-pnl-sa-i-retraga-de-pe-liste-pe-parlamentarii-cu-3-4-mandate-544967\">\n<p data-index=\"1\">\u00a0<img decoding=\"async\" src=\"https:\/\/analyse.optim.biz\/wp-content\/uploads\/2024\/09\/zmu5n2ywmjq2nzuwzgjmmjawnwe4otk3nq-thumb_.jpg\" data-skip-htmlfix=\"1\" title=\"zmu5n2ywmjq2nzuwzgjmmjawnwe4otk3nq-thumb_\"><\/p>\n<p data-index=\"2\">\u201d\u015etiu c\u0103 e destul de greu s\u0103 renun\u0163i la un moment dat la ideea c\u0103 e\u015fti parlamentar, mai ales dup\u0103 ce ai trei-patru mandate, dar eu cred c\u0103 ar trebui s\u0103 fie \u015fi o alegere a unor colegi care se afl\u0103 deja la al patrulea mandat \u015fi c\u00e2nd spun lucrul acesta m\u0103 refer la faptul c\u0103, zic eu, 16 ani pe care i-ai avut, uneori chiar 20 la dispozi\u0163ie s\u0103 ar\u0103\u0163i \u0163\u0103rii ce po\u0163i s\u0103 faci pentru ea sunt suficien\u0163i\u021a, a declarat Adriana S\u0103ftoiu \u00eentr-un interviu la RFI.<\/p>\n<p data-index=\"3\">Purt\u0103torul de cuv\u00e2nt al PNL a mai explicat c\u0103 nu este sus\u0163in\u0103toarea ideii c\u0103 \u201eoamenii tineri ca v\u00e2rst\u0103 neap\u0103rat sunt cei mai buni, ba chiar cred c\u0103 ai nevoie de experien\u0163\u0103 parlamentar\u0103, dar \u00een egal\u0103 m\u0103sur\u0103, suntem \u00eentr-un moment \u00een care e limpede c\u0103 cet\u0103\u0163enii au o reac\u0163ie nu foarte bun\u0103 la figuri pe care le consider\u0103 deja erodate, de prea mult timp pe scena politicii, prea obi\u015fnuite \u00een comoditate \u015fi \u00een privilegii (&#8230;)&#8221;<\/p>\n<p data-index=\"4\">\u201eCred c\u0103 PNL va trebui s\u0103 aib\u0103 curaj \u015fi s\u0103 abordeze aceste liste parlamentare a\u015fa cum o cer cet\u0103\u0163enii&#8221;, a declarat Adriana S\u0103ftoiu.<\/p>\n<p data-index=\"5\">Ini\u021biativa Adrianei S\u0103ftoiu referitoare la retragerea parlamentarilor cu mai multe de trei sau patru mandate, dac\u0103 ar fi aplicat\u0103, ar viza nume precum Crin Antonescu \u0219i Ioan Oltean, cu c\u00e2te \u0219ase mandate, Vasile Blaga \u0219i Puiu Ha\u0219otti, cu cinci mandate la activ, Anca Boagiu (4 mandate), dar \u0219i Mihai Voicu sau Dan Motreanu, intra\u021bi \u00een politic\u0103 la \u00eenceputul anilor 2000, care au ocupat func\u021bii importante \u00een partid \u00een oricare dintre configura\u021biile de putere \u00een PNL \u0219i care au deja c\u00e2te trei mandate.<\/p>\n<p data-index=\"6\">Adriana S\u0103ftoiu a avut un singur mandat de deputat \u0219i a demisionat \u00eenainte de \u00eencheierea mandatului. \u00a0<\/p>\n<\/div>\n<p> Source URL: https:\/\/www.digi24.ro\/stiri\/actualitate\/politica\/adriana-saftoiu-propune-pnl-sa-i-retraga-de-pe-liste-pe-parlamentarii-cu-3-4-mandate-544967<\/p>\n","protected":false},"excerpt":{"rendered":"<p>\u00a0 \u201d\u015etiu c\u0103 e destul de greu s\u0103 renun\u0163i la un moment dat la ideea c\u0103 e\u015fti parlamentar, mai ales dup\u0103 ce ai trei-patru mandate, dar eu cred c\u0103 ar trebui s\u0103 fie \u015fi o alegere a unor colegi care se afl\u0103 deja la al patrulea mandat \u015fi c\u00e2nd spun lucrul acesta m\u0103 refer la [&hellip;]<\/p>\n","protected":false},"author":1,"featured_media":161660,"comment_status":"open","ping_status":"","sticky":false,"template":"","format":"standard","meta":{"footnotes":""},"categories":[2],"tags":[11],"class_list":["post-161659","post","type-post","status-publish","format-standard","has-post-thumbnail","hentry","category-politics","tag-digi24"],"_links":{"self":[{"href":"https:\/\/analyse.optim.biz\/index.php?rest_route=\/wp\/v2\/posts\/161659","targetHints":{"allow":["GET"]}}],"collection":[{"href":"https:\/\/analyse.optim.biz\/index.php?rest_route=\/wp\/v2\/posts"}],"about":[{"href":"https:\/\/analyse.optim.biz\/index.php?rest_route=\/wp\/v2\/types\/post"}],"author":[{"embeddable":true,"href":"https:\/\/analyse.optim.biz\/index.php?rest_route=\/wp\/v2\/users\/1"}],"replies":[{"embeddable":true,"href":"https:\/\/analyse.optim.biz\/index.php?rest_route=%2Fwp%2Fv2%2Fcomments&post=161659"}],"version-history":[{"count":0,"href":"https:\/\/analyse.optim.biz\/index.php?rest_route=\/wp\/v2\/posts\/161659\/revisions"}],"wp:featuredmedia":[{"embeddable":true,"href":"https:\/\/analyse.optim.biz\/index.php?rest_route=\/wp\/v2\/media\/161660"}],"wp:attachment":[{"href":"https:\/\/analyse.optim.biz\/index.php?rest_route=%2Fwp%2Fv2%2Fmedia&parent=161659"}],"wp:term":[{"taxonomy":"category","embeddable":true,"href":"https:\/\/analyse.optim.biz\/index.php?rest_route=%2Fwp%2Fv2%2Fcategories&post=161659"},{"taxonomy":"post_tag","embeddable":true,"href":"https:\/\/analyse.optim.biz\/index.php?rest_route=%2Fwp%2Fv2%2Ftags&post=161659"}],"curies":[{"name":"wp","href":"https:\/\/api.w.org\/{rel}","templated":true}]}}