{"id":161645,"date":"2016-08-04T12:50:23","date_gmt":"2016-08-04T09:50:23","guid":{"rendered":"https:\/\/analyse.optim.biz\/?p=161645"},"modified":"2016-08-04T12:50:23","modified_gmt":"2016-08-04T09:50:23","slug":"sectii-de-vot-suplimentare-pentru-diaspora","status":"publish","type":"post","link":"https:\/\/analyse.optim.biz\/?p=161645","title":{"rendered":"Sec\u0163ii de vot suplimentare pentru diaspora"},"content":{"rendered":"<div class=\"entry data-app-meta data-app-meta-article\" data-embed-base-url-canonical=\"https:\/\/www.digi24.ro\/embed\/stiri\/actualitate\/politica\/sectii-de-vot-suplimentare-pentru-diaspora-545009\">\n<p data-index=\"1\">\u201e<span>Vor putea vota pe liste suplimentare oriunde \u00een aceste sec\u021bii \u0219i nu numai la misiunile diplomatice, cum este acum prev\u0103zut \u00een lege. O s\u0103 fie un set de propuneri pe care noi \u00eel facem, care s\u0103 ajute cet\u0103\u021benii rom\u00e2ni care locuiesc \u00een str\u0103in\u0103tate s\u0103 ob\u021bin\u0103 mai rapid documente de care au nevoie\u201d, a spus Vasile Blaga, copre\u0219edinte PNL.<\/span><\/p>\n<p data-index=\"2\">Zilele trecute, ministrul delegat pentru Rela\u021bia cu rom\u00e2nii de Pretutindeni, Maria Ligor, declara la <a href=\"https:\/\/www.digi24.ro\/Stiri\/Digi24\/24+Minute\/24+de+minute+Ministrul+delegat+pentru+Relatia+cu+Romanii+de+Pret\" data-skip-linkfix=\"1\">Digi24.ro<\/a> c\u0103, dac\u0103 ordonan\u021ba de urgen\u021b\u0103 privind votul din diaspora nu va trece de Parlament sau va fi contestat\u0103 \u0219i nu va intra \u00een vigoare, vor fi mai pu\u021bine sec\u021bii de vot pentru rom\u00e2nii din str\u0103in\u0103tate dec\u00e2t au fost la alegerile din 2014.<\/p>\n<p data-index=\"3\">Maria Ligor a precizat c\u0103 legea actual\u0103 privind alegerea parlamentarilor prevede organizarea de sec\u021bii de vot doar pe l\u00e2ng\u0103 misiunile diplomatice, ceea ce \u00eenseamn\u0103 c\u0103 \u00een Italia, spre exemplu, unde au fost aproximativ 50 de sec\u021bii de vot \u00een 2014 ar putea fi organizate doar 10 pentru alegerile din 2016.<\/p>\n<\/div>\n<p> Source URL: https:\/\/www.digi24.ro\/stiri\/actualitate\/politica\/sectii-de-vot-suplimentare-pentru-diaspora-545009<\/p>\n","protected":false},"excerpt":{"rendered":"<p>\u201eVor putea vota pe liste suplimentare oriunde \u00een aceste sec\u021bii \u0219i nu numai la misiunile diplomatice, cum este acum prev\u0103zut \u00een lege. O s\u0103 fie un set de propuneri pe care noi \u00eel facem, care s\u0103 ajute cet\u0103\u021benii rom\u00e2ni care locuiesc \u00een str\u0103in\u0103tate s\u0103 ob\u021bin\u0103 mai rapid documente de care au nevoie\u201d, a spus Vasile [&hellip;]<\/p>\n","protected":false},"author":1,"featured_media":161646,"comment_status":"open","ping_status":"","sticky":false,"template":"","format":"standard","meta":{"footnotes":""},"categories":[2],"tags":[11],"class_list":["post-161645","post","type-post","status-publish","format-standard","has-post-thumbnail","hentry","category-politics","tag-digi24"],"_links":{"self":[{"href":"https:\/\/analyse.optim.biz\/index.php?rest_route=\/wp\/v2\/posts\/161645","targetHints":{"allow":["GET"]}}],"collection":[{"href":"https:\/\/analyse.optim.biz\/index.php?rest_route=\/wp\/v2\/posts"}],"about":[{"href":"https:\/\/analyse.optim.biz\/index.php?rest_route=\/wp\/v2\/types\/post"}],"author":[{"embeddable":true,"href":"https:\/\/analyse.optim.biz\/index.php?rest_route=\/wp\/v2\/users\/1"}],"replies":[{"embeddable":true,"href":"https:\/\/analyse.optim.biz\/index.php?rest_route=%2Fwp%2Fv2%2Fcomments&post=161645"}],"version-history":[{"count":0,"href":"https:\/\/analyse.optim.biz\/index.php?rest_route=\/wp\/v2\/posts\/161645\/revisions"}],"wp:featuredmedia":[{"embeddable":true,"href":"https:\/\/analyse.optim.biz\/index.php?rest_route=\/wp\/v2\/media\/161646"}],"wp:attachment":[{"href":"https:\/\/analyse.optim.biz\/index.php?rest_route=%2Fwp%2Fv2%2Fmedia&parent=161645"}],"wp:term":[{"taxonomy":"category","embeddable":true,"href":"https:\/\/analyse.optim.biz\/index.php?rest_route=%2Fwp%2Fv2%2Fcategories&post=161645"},{"taxonomy":"post_tag","embeddable":true,"href":"https:\/\/analyse.optim.biz\/index.php?rest_route=%2Fwp%2Fv2%2Ftags&post=161645"}],"curies":[{"name":"wp","href":"https:\/\/api.w.org\/{rel}","templated":true}]}}