{"id":161642,"date":"2016-08-04T13:29:29","date_gmt":"2016-08-04T10:29:29","guid":{"rendered":"https:\/\/analyse.optim.biz\/?p=161642"},"modified":"2016-08-04T13:29:29","modified_gmt":"2016-08-04T10:29:29","slug":"tariceanu-revine-la-atac-impotriva-lui-basescu","status":"publish","type":"post","link":"https:\/\/analyse.optim.biz\/?p=161642","title":{"rendered":"T\u0103riceanu revine la atac \u00eempotriva lui B\u0103sescu"},"content":{"rendered":"<div class=\"entry data-app-meta data-app-meta-article\" data-embed-base-url-canonical=\"https:\/\/www.digi24.ro\/embed\/stiri\/actualitate\/politica\/tariceanu-revine-la-atac-impotriva-lui-basescu-545049\">\n<p data-index=\"1\"><img decoding=\"async\" src=\"https:\/\/analyse.optim.biz\/wp-content\/uploads\/2024\/09\/c2g9ytmzmzrimdcwywuyytblnwflogfiywm4ywq5mzjhn2q-thumb_.jpg\" data-skip-htmlfix=\"1\" title=\"c2g9ytmzmzrimdcwywuyytblnwflogfiywm4ywq5mzjhn2q-thumb_\">\u00a0<\/p>\n<p data-index=\"2\">&#8216;Nici \u00een prezent \u0219i nici \u00een viitor, numele meu sau al ALDE nu se va asocia \u00een vreo construc\u021bie politic\u0103 cu Traian B\u0103sescu, a\u0219a cum insinueaz\u0103 o serie de politruci dornici s\u0103 induc\u0103 derut\u0103 \u00een electorat. Noi, liberalii, nu putem uita cum a fost umilit\u0103 voin\u021ba majorit\u0103\u021bii poporului rom\u00e2n, c\u00e2nd votul s\u0103u zdrobitor exprimat la Referendumul de demitere din 2012 a fost anulat \u00een mod mai mult dec\u00e2t suspect printr-o erat\u0103 a Cur\u021bii Constitu\u021bionale&#8221;, arat\u0103 pre\u0219edintele Senatului.<\/p>\n<p data-index=\"3\">El \u00eel consider\u0103 pe B\u0103sescu &#8221;p\u0103rintele care a crescut statul mafiot timp de dou\u0103 mandate&#8221;.<\/p>\n<p data-index=\"4\">T\u0103riceanu afirm\u0103 c\u0103 &#8221;acela\u0219i personaj se prezint\u0103 \u00een mod ipocrit ca un ap\u0103r\u0103tor al Justi\u021biei \u0219i al statului de drept, \u00een contradic\u021bie flagrant\u0103 cu autodenun\u021bul s\u0103u public f\u0103cut nu demult la un post de televiziune. Acela\u0219i personaj \u00eencearc\u0103 s\u0103 treac\u0103 PMP de pragul electoral, nu pentru a contribui la binele comunit\u0103\u021bii. A avut destul timp ca pre\u0219edinte \u0219i rezultatele s-au v\u0103zut. Reamintesc naivilor care l-au urmat \u00een PMP c\u0103 B\u0103sescu \u0219i-a \u201eucis\u201d to\u021bi colaboratorii dup\u0103 ce s-a folosit de ei \u00een propriul interes. \u00cen realitate, B\u0103sescu vrea s\u0103-\u0219i creeze un instrument politic cu care s\u0103-\u0219i negocieze conform cutumelor statului mafiot propria libertate \u0219i a apropia\u021bilor s\u0103i \u0219i cu care, al\u0103turi de dosarele SRI cu care a plecat de la Cotroceni, s\u0103 \u0219antajeze \u0219i s\u0103 amenin\u021be, a\u0219a cum se vede din ce \u00een ce mai des \u00een spa\u021biul public&#8221;.<\/p>\n<p data-index=\"5\">}n acela;i comunicat, fostul premier mai anun\u021b\u0103 c\u0103 ALDE se va alia \u00een perspectiva alegerilor cu PSD, \u00een opinia sa, PMP urm\u00e2nd s\u0103 se asocieze cu PNL.<\/p>\n<p data-index=\"6\">Declara\u021bia lui C\u0103lin Popescu T\u0103riceanu survine unei serii de comentarii care indicau o apropiere, \u00een perspectiva form\u0103rii Guvernului, \u00eentre PMP \u0219i ALDE. Cele dou\u0103 forma\u021biuni au participat, \u00eempreun\u0103 cu PSD, la formarea majoprit\u0103\u021bilor \u00een cinci jude\u021be dup\u0103 alegerile locale din iunie.<\/p>\n<p data-index=\"7\">De asemenea, T\u0103riceanu \u0219i B\u0103sescu au avut declara\u021bii \u00een ultimele dou\u0103 luni care sugerau o reevaluare a rela\u021biilor dificile care au marcat ultimii 11 ani.<\/p>\n<p data-index=\"8\">Comunicatul semnat de pre\u0219edintele ALDE apare, \u00eens\u0103, \u0219i dup\u0103 ce PMP a decis c\u0103 nu va colabora cu PSD pentru formarea majorit\u0103\u021bii la Consiliul general al Bucure\u0219tilor, unde primarul Gabriela Firea nu are \u00een acest moment sus\u021binere, sprijinindu-se doar pe voturile PSD \u0219i ALDE.<\/p>\n<\/div>\n<p> Source URL: https:\/\/www.digi24.ro\/stiri\/actualitate\/politica\/tariceanu-revine-la-atac-impotriva-lui-basescu-545049<\/p>\n","protected":false},"excerpt":{"rendered":"<p>\u00a0 &#8216;Nici \u00een prezent \u0219i nici \u00een viitor, numele meu sau al ALDE nu se va asocia \u00een vreo construc\u021bie politic\u0103 cu Traian B\u0103sescu, a\u0219a cum insinueaz\u0103 o serie de politruci dornici s\u0103 induc\u0103 derut\u0103 \u00een electorat. Noi, liberalii, nu putem uita cum a fost umilit\u0103 voin\u021ba majorit\u0103\u021bii poporului rom\u00e2n, c\u00e2nd votul s\u0103u zdrobitor exprimat [&hellip;]<\/p>\n","protected":false},"author":1,"featured_media":161643,"comment_status":"open","ping_status":"","sticky":false,"template":"","format":"standard","meta":{"footnotes":""},"categories":[2],"tags":[11],"class_list":["post-161642","post","type-post","status-publish","format-standard","has-post-thumbnail","hentry","category-politics","tag-digi24"],"_links":{"self":[{"href":"https:\/\/analyse.optim.biz\/index.php?rest_route=\/wp\/v2\/posts\/161642","targetHints":{"allow":["GET"]}}],"collection":[{"href":"https:\/\/analyse.optim.biz\/index.php?rest_route=\/wp\/v2\/posts"}],"about":[{"href":"https:\/\/analyse.optim.biz\/index.php?rest_route=\/wp\/v2\/types\/post"}],"author":[{"embeddable":true,"href":"https:\/\/analyse.optim.biz\/index.php?rest_route=\/wp\/v2\/users\/1"}],"replies":[{"embeddable":true,"href":"https:\/\/analyse.optim.biz\/index.php?rest_route=%2Fwp%2Fv2%2Fcomments&post=161642"}],"version-history":[{"count":0,"href":"https:\/\/analyse.optim.biz\/index.php?rest_route=\/wp\/v2\/posts\/161642\/revisions"}],"wp:featuredmedia":[{"embeddable":true,"href":"https:\/\/analyse.optim.biz\/index.php?rest_route=\/wp\/v2\/media\/161643"}],"wp:attachment":[{"href":"https:\/\/analyse.optim.biz\/index.php?rest_route=%2Fwp%2Fv2%2Fmedia&parent=161642"}],"wp:term":[{"taxonomy":"category","embeddable":true,"href":"https:\/\/analyse.optim.biz\/index.php?rest_route=%2Fwp%2Fv2%2Fcategories&post=161642"},{"taxonomy":"post_tag","embeddable":true,"href":"https:\/\/analyse.optim.biz\/index.php?rest_route=%2Fwp%2Fv2%2Ftags&post=161642"}],"curies":[{"name":"wp","href":"https:\/\/api.w.org\/{rel}","templated":true}]}}