{"id":161574,"date":"2016-08-08T17:49:09","date_gmt":"2016-08-08T14:49:09","guid":{"rendered":"https:\/\/analyse.optim.biz\/?p=161574"},"modified":"2016-08-08T17:49:09","modified_gmt":"2016-08-08T14:49:09","slug":"nicusor-dan-si-clotilde-armand-recruteaza-candidati-la-parlamentare","status":"publish","type":"post","link":"https:\/\/analyse.optim.biz\/?p=161574","title":{"rendered":"Nicu\u0219or Dan \u0219i Clotilde Armand recruteaz\u0103 candida\u021bi la parlamentare"},"content":{"rendered":"<div class=\"entry data-app-meta data-app-meta-article\" data-embed-base-url-canonical=\"https:\/\/www.digi24.ro\/embed\/stiri\/actualitate\/politica\/nicusor-dan-si-clotilde-armand-recruteaza-candidati-la-parlamentare-547686\">\n<p data-index=\"1\">Uniunea Salva\u0163i Rom\u00e2nia \u00eencearc\u0103 s\u0103 \u00ee\u015fi \u00eenfiin\u0163eze filiale \u00een \u0163ar\u0103, pentru a putea intra \u00een competi\u0163ie cu PSD \u015fi PNL. Nicu\u015for Dan \u015fi Clotilde Armand s-au \u00eent\u00e2lnit cu societatea civil\u0103 din Oradea, Bistri\u0163a, Ia\u015fi, Bac\u0103u sau Constan\u0163a pentru a recruta noi membri de partid.<\/p>\n<p data-index=\"2\"><em>\u201eExtindem acest USB la nivel na\u021bional. Nu o s\u0103 ne gr\u0103bim s\u0103 avem o prezen\u021b\u0103 undeva dac\u0103 nu avem oameni de calitate\u201d<\/em>, a spus Clotilde Armand.<\/p>\n<p data-index=\"3\"><em>\u201eNe dorim ca acest partid s\u0103 fie multietnic, c\u0103 suntem \u00een Oradea, consider\u0103m c\u0103 problemele maghiarilor sunt identice\u201d<\/em>, a ad\u0103ugat Nicu\u0219or Dan.<\/p>\n<p data-index=\"4\">Uniunea Salva\u021bi Rom\u00e2nia a reu\u015fit s\u0103 se alieze cu c\u00e2teva forma\u0163iuni locale, care \u00ee\u015fi vor pune candida\u0163i pe listele noului partid.<\/p>\n<p data-index=\"5\"><em>\u201e<\/em><span><em>Vom face o alian\u021b\u0103 informal\u0103. Pentru Ia\u015fi va identifica candida\u0163ii \u015fi \u00eei va propune pentru a fi candida\u0163ii USR. Conceptual, spiritual vorbind, suntem \u00eempreun\u0103 \u00eentr-o alian\u0163\u0103, scriptic vor fi candida\u0163ii USR\u201d<\/em>, a precizat pre\u0219edintele \u201ePentru Ia\u0219i\u201d, Andrei Postolache.<\/span><\/p>\n<p data-index=\"6\">Partidele care candideaz\u0103 \u00een alian\u0163e \u00eenregistrate oficial trebuie s\u0103 ob\u0163in\u0103 minimum 10% pentru a putea ajunge \u00een Parlament, dublu fa\u0163\u0103 de forma\u0163iunile care merg individual \u00een alegeri. A\u015fa se face c\u0103 Uniunea Salva\u0163i Rom\u00e2nia a pierdut \u00een teritoriu colaborarea cu unele partide locale.<\/p>\n<p data-index=\"7\"><em>\u201eO alian\u021b\u0103 \u00eentre toate aceste partide ar fi ideal\u0103, numai c\u0103 pragul electoral este prea sus \u0219i am fi riscat s\u0103 nu \u00eel prindem \u0219i nu am vrut s\u0103 ne asum\u0103m riscul \u0103sta. Partidul din T\u00e2rgu Mure\u0219 a ales s\u0103 mearg\u0103 singur, \u00eei respect\u0103m, avem \u00een mare parte aceste valori, dar asta a fost decizia lor\u201d<\/em>, a explicat Nicu\u0219or Dan.<\/p>\n<p data-index=\"8\">De\u015fi lipsit de infrastructur\u0103 \u00een teritoriu, noul partid nu este dispus s\u0103 accepte, dec\u00e2t foarte greu, membri de la forma\u0163iunile deja consacrate.<\/p>\n<p data-index=\"9\"><em>\u201e<\/em><span><em>\u015etiu c\u0103 \u00een alte ora\u015fe sunt birouri de PNL-i\u015fti complete care vor s\u0103 migreze la noi. Sunt din PMP, sunt din alte partide. Exist\u0103 o perioad\u0103 de carantin\u0103 timp de un an\u201d,<\/em> a spus Clotilde Armand.<\/span><\/p>\n<p data-index=\"10\">\u201e\u00cen 1-15 septembrie \u00eenscriem membri, form\u0103m filiale \u0219i totodat\u0103 vom face alegeri pentru conducerea filialelor. Conform statutului avem o autonomie a filialelor, ei decid candida\u021bii\u201d, a ad\u0103ugat Nicu\u0219or Dan.<\/p>\n<p data-index=\"11\">Lista de candida\u0163i a Uniunii Salva\u0163i Rom\u00e2nia va fi gata la jum\u0103tatea lunii octombrie, data limit\u0103 prev\u0103zut\u0103 legal. Dup\u0103 succesul \u00eenregistrat de Uniunea Salva\u0163i Bucure\u015ftiul \u00een Capital\u0103, Nicu\u015for Dan \u00ee\u015fi dore\u015fte s\u0103 ajung\u0103 \u00een Parlament cu un scor de peste 10%. \u00a0<\/p>\n<\/div>\n<p> Source URL: https:\/\/www.digi24.ro\/stiri\/actualitate\/politica\/nicusor-dan-si-clotilde-armand-recruteaza-candidati-la-parlamentare-547686<\/p>\n","protected":false},"excerpt":{"rendered":"<p>Uniunea Salva\u0163i Rom\u00e2nia \u00eencearc\u0103 s\u0103 \u00ee\u015fi \u00eenfiin\u0163eze filiale \u00een \u0163ar\u0103, pentru a putea intra \u00een competi\u0163ie cu PSD \u015fi PNL. Nicu\u015for Dan \u015fi Clotilde Armand s-au \u00eent\u00e2lnit cu societatea civil\u0103 din Oradea, Bistri\u0163a, Ia\u015fi, Bac\u0103u sau Constan\u0163a pentru a recruta noi membri de partid. \u201eExtindem acest USB la nivel na\u021bional. Nu o s\u0103 ne gr\u0103bim [&hellip;]<\/p>\n","protected":false},"author":1,"featured_media":161575,"comment_status":"open","ping_status":"","sticky":false,"template":"","format":"standard","meta":{"footnotes":""},"categories":[2],"tags":[11],"class_list":["post-161574","post","type-post","status-publish","format-standard","has-post-thumbnail","hentry","category-politics","tag-digi24"],"_links":{"self":[{"href":"https:\/\/analyse.optim.biz\/index.php?rest_route=\/wp\/v2\/posts\/161574","targetHints":{"allow":["GET"]}}],"collection":[{"href":"https:\/\/analyse.optim.biz\/index.php?rest_route=\/wp\/v2\/posts"}],"about":[{"href":"https:\/\/analyse.optim.biz\/index.php?rest_route=\/wp\/v2\/types\/post"}],"author":[{"embeddable":true,"href":"https:\/\/analyse.optim.biz\/index.php?rest_route=\/wp\/v2\/users\/1"}],"replies":[{"embeddable":true,"href":"https:\/\/analyse.optim.biz\/index.php?rest_route=%2Fwp%2Fv2%2Fcomments&post=161574"}],"version-history":[{"count":0,"href":"https:\/\/analyse.optim.biz\/index.php?rest_route=\/wp\/v2\/posts\/161574\/revisions"}],"wp:featuredmedia":[{"embeddable":true,"href":"https:\/\/analyse.optim.biz\/index.php?rest_route=\/wp\/v2\/media\/161575"}],"wp:attachment":[{"href":"https:\/\/analyse.optim.biz\/index.php?rest_route=%2Fwp%2Fv2%2Fmedia&parent=161574"}],"wp:term":[{"taxonomy":"category","embeddable":true,"href":"https:\/\/analyse.optim.biz\/index.php?rest_route=%2Fwp%2Fv2%2Fcategories&post=161574"},{"taxonomy":"post_tag","embeddable":true,"href":"https:\/\/analyse.optim.biz\/index.php?rest_route=%2Fwp%2Fv2%2Ftags&post=161574"}],"curies":[{"name":"wp","href":"https:\/\/api.w.org\/{rel}","templated":true}]}}