{"id":161571,"date":"2016-08-08T21:15:13","date_gmt":"2016-08-08T18:15:13","guid":{"rendered":"https:\/\/analyse.optim.biz\/?p=161571"},"modified":"2016-08-08T21:15:13","modified_gmt":"2016-08-08T18:15:13","slug":"klaus-iohannis-a-primit-o-delegatie-a-congresului-sua-schimbul-de-informatii-si-cooperarea-militara-pe-agenda-convorbirii","status":"publish","type":"post","link":"https:\/\/analyse.optim.biz\/?p=161571","title":{"rendered":"Klaus Iohannis a primit o delega\u0163ie a Congresului SUA; schimbul de informa\u0163ii \u015fi cooperarea militar\u0103, pe agenda convorbirii"},"content":{"rendered":"<div class=\"entry data-app-meta data-app-meta-article\" data-embed-base-url-canonical=\"https:\/\/www.digi24.ro\/embed\/stiri\/actualitate\/politica\/klaus-iohannis-a-primit-o-delegatie-a-congresului-sua-schimbul-de-informatii-si-cooperarea-militara-pe-agenda-convorbirii-547732\">\n<p data-index=\"1\">\u00a0<img decoding=\"async\" src=\"https:\/\/analyse.optim.biz\/wp-content\/uploads\/2024\/09\/zmi2nzhlyzmyy2ewngq5ymnkotzlm2vhody-thumb_.jpg\" data-skip-htmlfix=\"1\" title=\"zmi2nzhlyzmyy2ewngq5ymnkotzlm2vhody-thumb_\"><\/p>\n<p data-index=\"2\">\u201dDiscu\u0163iile s-au concentrat asupra dimensiunii de securitate a Parteneriatului Strategic dintre Rom\u00e2nia \u015fi SUA, cu accent asupra cooper\u0103rii militare \u015fi \u00een domeniul schimbului de informa\u0163ii. Au fost discutate, de asemenea, contextul de securitate din regiunea M\u0103rii Negre \u015fi evolu\u0163iile privind sistemul NATO de ap\u0103rare \u00eempotriva rachetelor balistice\u201d, transmite Administra\u0163ia Preziden\u0163ial\u0103.<\/p>\n<p data-index=\"3\">Delega\u0163ia american\u0103 a apreciat faptul c\u0103 Rom\u00e2nia se dovede\u015fte a fi unul dintre cei mai fermi alia\u0163i ai Statelor Unite \u00een Europa Central\u0103 \u015fi de Est. \u201dOficialii SUA au exprimat apreciere pentru comunitatea de intelligence din Rom\u00e2nia \u015fi pentru cooperarea excelent\u0103 \u00eentre serviciile de informa\u0163ii ale celor dou\u0103 \u0163\u0103ri. Ace\u015ftia au mul\u0163umit pentru contribu\u0163ia militar\u0103 a Rom\u00e2niei \u00een diversele teatre de opera\u0163ii \u015fi pentru aportul Rom\u00e2niei, prin Baza Deveselu, la dezvoltarea sistemului NATO antirachet\u0103\u201d men\u0163ioneaz\u0103 pre\u015fedin\u0163ia.<\/p>\n<p data-index=\"4\">\u00cen cadrul convorbirii, Klaus Iohannis a subliniat importan\u0163a regiunii M\u0103rii Negre nu doar pentru Rom\u00e2nia, c\u00e2t pentru NATO \u00een ansamblu \u015fi a amintit eforturile f\u0103cute de c\u0103tre \u0163ara noastr\u0103 pentru \u00eembun\u0103t\u0103\u0163irea interoperabilit\u0103\u0163ii \u00a0armatei rom\u00e2ne cu structurile Alian\u0163ei.<\/p>\n<p data-index=\"5\">\u201dPre\u015fedintele Klaus Iohannis a subliniat totodat\u0103 necesitatea dezvolt\u0103rii dimensiunii economice a Parteneriatului Strategic, prezent\u00e2nd avantajele economiei rom\u00e2ne\u015fti, aflate \u00een cre\u015ftere, pentru investitorii americani. \u00cen acest context, partea american\u0103 a exprimat aprecierea fa\u0163\u0103 de lupta anti-corup\u0163ie din Rom\u00e2nia. De asemenea, Pre\u015fedintele Rom\u00e2niei a prezentat, la solicitarea delega\u0163iei americane, evalu\u0103rile \u0163\u0103rii noastre cu privire la o serie de teme de interes de pe agenda interna\u0163ional\u0103, precum situa\u0163ia din Turcia \u015fi cea din Ucraina\u201d, mai arat\u0103 Pre\u015fedin\u0163ia.<\/p>\n<\/div>\n<p> Source URL: https:\/\/www.digi24.ro\/stiri\/actualitate\/politica\/klaus-iohannis-a-primit-o-delegatie-a-congresului-sua-schimbul-de-informatii-si-cooperarea-militara-pe-agenda-convorbirii-547732<\/p>\n","protected":false},"excerpt":{"rendered":"<p>\u00a0 \u201dDiscu\u0163iile s-au concentrat asupra dimensiunii de securitate a Parteneriatului Strategic dintre Rom\u00e2nia \u015fi SUA, cu accent asupra cooper\u0103rii militare \u015fi \u00een domeniul schimbului de informa\u0163ii. Au fost discutate, de asemenea, contextul de securitate din regiunea M\u0103rii Negre \u015fi evolu\u0163iile privind sistemul NATO de ap\u0103rare \u00eempotriva rachetelor balistice\u201d, transmite Administra\u0163ia Preziden\u0163ial\u0103. Delega\u0163ia american\u0103 a apreciat [&hellip;]<\/p>\n","protected":false},"author":1,"featured_media":161572,"comment_status":"open","ping_status":"","sticky":false,"template":"","format":"standard","meta":{"footnotes":""},"categories":[2],"tags":[11],"class_list":["post-161571","post","type-post","status-publish","format-standard","has-post-thumbnail","hentry","category-politics","tag-digi24"],"_links":{"self":[{"href":"https:\/\/analyse.optim.biz\/index.php?rest_route=\/wp\/v2\/posts\/161571","targetHints":{"allow":["GET"]}}],"collection":[{"href":"https:\/\/analyse.optim.biz\/index.php?rest_route=\/wp\/v2\/posts"}],"about":[{"href":"https:\/\/analyse.optim.biz\/index.php?rest_route=\/wp\/v2\/types\/post"}],"author":[{"embeddable":true,"href":"https:\/\/analyse.optim.biz\/index.php?rest_route=\/wp\/v2\/users\/1"}],"replies":[{"embeddable":true,"href":"https:\/\/analyse.optim.biz\/index.php?rest_route=%2Fwp%2Fv2%2Fcomments&post=161571"}],"version-history":[{"count":0,"href":"https:\/\/analyse.optim.biz\/index.php?rest_route=\/wp\/v2\/posts\/161571\/revisions"}],"wp:featuredmedia":[{"embeddable":true,"href":"https:\/\/analyse.optim.biz\/index.php?rest_route=\/wp\/v2\/media\/161572"}],"wp:attachment":[{"href":"https:\/\/analyse.optim.biz\/index.php?rest_route=%2Fwp%2Fv2%2Fmedia&parent=161571"}],"wp:term":[{"taxonomy":"category","embeddable":true,"href":"https:\/\/analyse.optim.biz\/index.php?rest_route=%2Fwp%2Fv2%2Fcategories&post=161571"},{"taxonomy":"post_tag","embeddable":true,"href":"https:\/\/analyse.optim.biz\/index.php?rest_route=%2Fwp%2Fv2%2Ftags&post=161571"}],"curies":[{"name":"wp","href":"https:\/\/api.w.org\/{rel}","templated":true}]}}