{"id":161534,"date":"2016-08-10T16:23:40","date_gmt":"2016-08-10T13:23:40","guid":{"rendered":"https:\/\/analyse.optim.biz\/?p=161534"},"modified":"2016-08-10T16:23:40","modified_gmt":"2016-08-10T13:23:40","slug":"catalin-chereches-eliberat-din-arest-preventiv-si-plasat-in-arest-la-domiciliu","status":"publish","type":"post","link":"https:\/\/analyse.optim.biz\/?p=161534","title":{"rendered":"C\u0103t\u0103lin Chereche\u0219, eliberat din arest preventiv \u0219i plasat \u00een arest la domiciliu"},"content":{"rendered":"<div class=\"entry data-app-meta data-app-meta-article\" data-embed-base-url-canonical=\"https:\/\/www.digi24.ro\/embed\/stiri\/actualitate\/politica\/catalin-chereches-eliberat-din-arest-preventiv-si-plasat-in-arest-la-domiciliu-548398\">\n<p data-index=\"1\"><img decoding=\"async\" src=\"https:\/\/analyse.optim.biz\/wp-content\/uploads\/2024\/09\/cgcmdz04mdamagfzad1joge2odqzztjkmtzhntzmmtbin2ezntrimje0nja5mq-thumb_.jpg\" data-skip-htmlfix=\"1\" title=\"cgcmdz04mdamagfzad1joge2odqzztjkmtzhntzmmtbin2ezntrimje0nja5mq-thumb_\"><\/p>\n<p data-index=\"2\">&#8221;S-a dispus \u00eenlocuirea m\u0103surii arestului preventiv cu m\u0103sura arestului la domiciliu. Este o hot\u0103r\u00e2re definitiv\u0103 pronun\u0163at\u0103 de instan\u0163a Cur\u0163ii de Apel Cluj. Va trece \u00een arest la domiciliu acum. Eu am fost \u00een instan\u0163\u0103. Au plecat de la instan\u0163\u0103 la Penitenciarul Gherla \u015fi p\u00e2n\u0103 la finalul zilei de ast\u0103zi (miercuri) trebuie pus \u00een libertate, dar se va rezolva \u00een cursul zilei de ast\u0103zi pentru c\u0103 sunt formalit\u0103\u0163i de \u00eendeplinit\u201d, a explicat pentru News.ro C\u0103lin Budi\u015fan, unul dintre avoca\u0163ii lui Chereche\u015f.<\/p>\n<p data-index=\"3\">Pentru C\u0103t\u0103lin Chereche\u015f urmeaz\u0103 \u00een data de 17 august un nou termen de judecat\u0103, tot la Curtea de Apel Cluj.<\/p>\n<p data-index=\"4\">C\u0103t\u0103lin Chereche\u015f a fost arestat preventiv \u00een 27 aprilie, de Tribunalul Cluj, la solicitarea procurorilor DNA, fiind acuzat de luare de mit\u0103 \u00een form\u0103 continuat\u0103 \u015fi \u00eencarcerat la Penitenciarul Gherla.<\/p>\n<p data-index=\"5\">Cu c\u00e2teva ore \u00eenainte de a fi re\u0163inut de DNA, C\u0103t\u0103lin Chereche\u015f \u015fi-a depus candidatura ca independent, sus\u0163inut de Coali\u0163ia pentru Baia Mare, pentru un nou mandat de primar. \u00cen prim\u0103 faz\u0103, Judec\u0103toria Baia Mare a respins candidatura lui C\u0103t\u0103lin Chereche\u015f, admi\u0163\u00e2nd astfel contesta\u0163iile formulate de Bogdan Hendre \u015fi PSD Maramure\u015f. Hot\u0103r\u00e2rea nu era definitiv\u0103 \u015fi a fost atacat\u0103 cu apel la Tribunalul Maramure\u015f. C\u0103t\u0103lin Chereche\u015f a candidat \u015fi a c\u00e2\u015ftigat alegerile din 5 iunie cu peste 70% din voturi.<\/p>\n<p data-index=\"6\">Chereche\u015f a fost trimis \u00een judecat\u0103 de DNA \u00een 20 mai, pentru luare de mit\u0103 \u00een form\u0103 continuat\u0103, dup\u0103 ce ar fi primit de la o persoan\u0103 din conducerea CS Fotbal Club Municipal Baia Mare 70.000 de lei pentru a sus\u0163ine financiar clubul.<\/p>\n<p data-index=\"7\">C\u0103t\u0103lin Chereche\u015f a fost eliberat pentru c\u00e2teva ore, \u00een data de 17 iulie, c\u00e2nd a despus jur\u0103m\u00e2ntul ca primar, ulterior fiind suspendat din func\u021bie de c\u0103tre prefect.<\/p>\n<\/div>\n<p> Source URL: https:\/\/www.digi24.ro\/stiri\/actualitate\/politica\/catalin-chereches-eliberat-din-arest-preventiv-si-plasat-in-arest-la-domiciliu-548398<\/p>\n","protected":false},"excerpt":{"rendered":"<p>&#8221;S-a dispus \u00eenlocuirea m\u0103surii arestului preventiv cu m\u0103sura arestului la domiciliu. Este o hot\u0103r\u00e2re definitiv\u0103 pronun\u0163at\u0103 de instan\u0163a Cur\u0163ii de Apel Cluj. Va trece \u00een arest la domiciliu acum. Eu am fost \u00een instan\u0163\u0103. Au plecat de la instan\u0163\u0103 la Penitenciarul Gherla \u015fi p\u00e2n\u0103 la finalul zilei de ast\u0103zi (miercuri) trebuie pus \u00een libertate, dar [&hellip;]<\/p>\n","protected":false},"author":1,"featured_media":161535,"comment_status":"open","ping_status":"","sticky":false,"template":"","format":"standard","meta":{"footnotes":""},"categories":[2],"tags":[11],"class_list":["post-161534","post","type-post","status-publish","format-standard","has-post-thumbnail","hentry","category-politics","tag-digi24"],"_links":{"self":[{"href":"https:\/\/analyse.optim.biz\/index.php?rest_route=\/wp\/v2\/posts\/161534","targetHints":{"allow":["GET"]}}],"collection":[{"href":"https:\/\/analyse.optim.biz\/index.php?rest_route=\/wp\/v2\/posts"}],"about":[{"href":"https:\/\/analyse.optim.biz\/index.php?rest_route=\/wp\/v2\/types\/post"}],"author":[{"embeddable":true,"href":"https:\/\/analyse.optim.biz\/index.php?rest_route=\/wp\/v2\/users\/1"}],"replies":[{"embeddable":true,"href":"https:\/\/analyse.optim.biz\/index.php?rest_route=%2Fwp%2Fv2%2Fcomments&post=161534"}],"version-history":[{"count":0,"href":"https:\/\/analyse.optim.biz\/index.php?rest_route=\/wp\/v2\/posts\/161534\/revisions"}],"wp:featuredmedia":[{"embeddable":true,"href":"https:\/\/analyse.optim.biz\/index.php?rest_route=\/wp\/v2\/media\/161535"}],"wp:attachment":[{"href":"https:\/\/analyse.optim.biz\/index.php?rest_route=%2Fwp%2Fv2%2Fmedia&parent=161534"}],"wp:term":[{"taxonomy":"category","embeddable":true,"href":"https:\/\/analyse.optim.biz\/index.php?rest_route=%2Fwp%2Fv2%2Fcategories&post=161534"},{"taxonomy":"post_tag","embeddable":true,"href":"https:\/\/analyse.optim.biz\/index.php?rest_route=%2Fwp%2Fv2%2Ftags&post=161534"}],"curies":[{"name":"wp","href":"https:\/\/api.w.org\/{rel}","templated":true}]}}