{"id":161531,"date":"2016-08-10T17:15:57","date_gmt":"2016-08-10T14:15:57","guid":{"rendered":"https:\/\/analyse.optim.biz\/?p=161531"},"modified":"2016-08-10T17:15:57","modified_gmt":"2016-08-10T14:15:57","slug":"mihai-voicu-prin-motiunea-de-cenzura-psd-vrea-sa-blocheze-ordonanta-privind-votul-romanilor-din-strainatate","status":"publish","type":"post","link":"https:\/\/analyse.optim.biz\/?p=161531","title":{"rendered":"Mihai Voicu: Prin mo\u0163iunea de cenzur\u0103, PSD vrea s\u0103 blocheze Ordonan\u0163a privind votul rom\u00e2nilor din str\u0103in\u0103tate"},"content":{"rendered":"<div class=\"entry data-app-meta data-app-meta-article\" data-embed-base-url-canonical=\"https:\/\/www.digi24.ro\/embed\/stiri\/actualitate\/politica\/mihai-voicu-prin-motiunea-de-cenzura-psd-vrea-sa-blocheze-ordonanta-privind-votul-romanilor-din-strainatate-548421\">\n<p data-index=\"1\">\u00a0<img decoding=\"async\" src=\"https:\/\/analyse.optim.biz\/wp-content\/uploads\/2024\/09\/mdexmdqzztkwyzyzmtgyzja2mgvinmm3yzbm-thumb_.jpg\" data-skip-htmlfix=\"1\" title=\"mdexmdqzztkwyzyzmtgyzja2mgvinmm3yzbm-thumb_\"><\/p>\n<p data-index=\"2\">\u00centrebat cum vede declara\u0163iile venite din partea PSD \u015fi ALDE privind posibila depunere a unei mo\u0163iuni de cenzur\u0103, Mihai Voicu a r\u0103spuns: \u201dNu m-ar mira s\u0103 se \u00eent\u00e2mple acest lucru, pentru c\u0103 rar mi-a fost dat s\u0103 v\u0103d concep\u0163ii \u015fi valori mai diferite dec\u00e2t \u00eentre PSD \u015fi guvernul Ciolo\u015f.\u201d<\/p>\n<p data-index=\"3\">\u00a0Un alt motiv este legat de apropierea alegerilor parlamentare. \u201dExist\u0103 un aspect practic. Cred c\u0103 aceast\u0103 mo\u0163iune de cenzur\u0103 este adus\u0103 \u00een discu\u0163ie \u015fi gr\u0103bit\u0103 pentru ca, eventual, s\u0103 fie blocate m\u0103surile legislative pe care Guvernul vrea s\u0103 le ia pentru votul rom\u00e2nilor din str\u0103in\u0103tate\u201d, a spus Voicu.<\/p>\n<p data-index=\"4\">PSD inten\u021bioneaz\u0103 s\u0103 depun\u0103 o mo\u021biune de cenzur\u0103 la \u00eenceputul sesiunii parlamentare, programat\u0103 la 1 septembrie. Potrivit declara\u021biilor liderului PSD Liviu Dragnea, social-democra\u021bii nu inten\u021bioneaz\u0103 s\u0103 preia guvernarea \u00eenainte de alegeri. Dragnea a spus c\u0103 ar fi de dorit ca Guvernul Ciolo\u0219 s\u0103 r\u0103m\u00e2n\u0103 \u00een func\u021bie p\u00e2n\u0103 la alegeri, dar cu atribu\u021bii diminuate.<\/p>\n<\/div>\n<p> Source URL: https:\/\/www.digi24.ro\/stiri\/actualitate\/politica\/mihai-voicu-prin-motiunea-de-cenzura-psd-vrea-sa-blocheze-ordonanta-privind-votul-romanilor-din-strainatate-548421<\/p>\n","protected":false},"excerpt":{"rendered":"<p>\u00a0 \u00centrebat cum vede declara\u0163iile venite din partea PSD \u015fi ALDE privind posibila depunere a unei mo\u0163iuni de cenzur\u0103, Mihai Voicu a r\u0103spuns: \u201dNu m-ar mira s\u0103 se \u00eent\u00e2mple acest lucru, pentru c\u0103 rar mi-a fost dat s\u0103 v\u0103d concep\u0163ii \u015fi valori mai diferite dec\u00e2t \u00eentre PSD \u015fi guvernul Ciolo\u015f.\u201d \u00a0Un alt motiv este legat [&hellip;]<\/p>\n","protected":false},"author":1,"featured_media":161532,"comment_status":"open","ping_status":"","sticky":false,"template":"","format":"standard","meta":{"footnotes":""},"categories":[2],"tags":[11],"class_list":["post-161531","post","type-post","status-publish","format-standard","has-post-thumbnail","hentry","category-politics","tag-digi24"],"_links":{"self":[{"href":"https:\/\/analyse.optim.biz\/index.php?rest_route=\/wp\/v2\/posts\/161531","targetHints":{"allow":["GET"]}}],"collection":[{"href":"https:\/\/analyse.optim.biz\/index.php?rest_route=\/wp\/v2\/posts"}],"about":[{"href":"https:\/\/analyse.optim.biz\/index.php?rest_route=\/wp\/v2\/types\/post"}],"author":[{"embeddable":true,"href":"https:\/\/analyse.optim.biz\/index.php?rest_route=\/wp\/v2\/users\/1"}],"replies":[{"embeddable":true,"href":"https:\/\/analyse.optim.biz\/index.php?rest_route=%2Fwp%2Fv2%2Fcomments&post=161531"}],"version-history":[{"count":0,"href":"https:\/\/analyse.optim.biz\/index.php?rest_route=\/wp\/v2\/posts\/161531\/revisions"}],"wp:featuredmedia":[{"embeddable":true,"href":"https:\/\/analyse.optim.biz\/index.php?rest_route=\/wp\/v2\/media\/161532"}],"wp:attachment":[{"href":"https:\/\/analyse.optim.biz\/index.php?rest_route=%2Fwp%2Fv2%2Fmedia&parent=161531"}],"wp:term":[{"taxonomy":"category","embeddable":true,"href":"https:\/\/analyse.optim.biz\/index.php?rest_route=%2Fwp%2Fv2%2Fcategories&post=161531"},{"taxonomy":"post_tag","embeddable":true,"href":"https:\/\/analyse.optim.biz\/index.php?rest_route=%2Fwp%2Fv2%2Ftags&post=161531"}],"curies":[{"name":"wp","href":"https:\/\/api.w.org\/{rel}","templated":true}]}}