{"id":1615272,"date":"2018-09-23T12:07:10","date_gmt":"2018-09-23T09:07:10","guid":{"rendered":"https:\/\/analyse.optim.biz\/?p=1615272"},"modified":"2018-09-23T12:07:10","modified_gmt":"2018-09-23T09:07:10","slug":"politistii-suceveni-vin-cu-recomandari-pentru-prevenirea-furturilor-de-culturi-agricole","status":"publish","type":"post","link":"https:\/\/analyse.optim.biz\/?p=1615272","title":{"rendered":"Poli\u021bi\u0219tii suceveni vin cu recomand\u0103ri pentru prevenirea furturilor de culturi agricole"},"content":{"rendered":"<article id=\"post-114379\" class=\"clearfix post-114379 post type-post status-publish format-standard has-post-thumbnail hentry category-slide category-comunicate\">\n<header id=\"cb-standard-featured\">\n<div class=\"cb-mask\"><img decoding=\"async\" width=\"750\" height=\"400\" src=\"https:\/\/analyse.optim.biz\/wp-content\/uploads\/2026\/01\/foto-prevenire-furturi-culturi-agricole-2-750x400-1.jpg\" class=\"cb-fi-standard wp-post-image\" loading=\"lazy\" title=\"foto-prevenire-furturi-culturi-agricole-2-750x400-1\"><\/div>\n<div id=\"cb-fis-wrap\" class=\"cb-entry-header cb-fis cb-style-standard\"><span class=\"cb-title-fi\"><\/p>\n<h1 class=\"entry-title cb-entry-title cb-single-title\">Poli\u021bi\u0219tii suceveni vin cu recomand\u0103ri pentru prevenirea furturilor de culturi agricole<\/h1>\n<div class=\"cb-byline cb-font-header\">\n<div class=\"cb-date cb-byline-element\"><time datetime=\"2018-09-23\">23 septembrie 2018<\/time><\/div>\n<\/div>\n<p><\/span><\/div>\n<\/header>\n<section class=\"cb-entry-content entry-content clearfix\">\n<h2><em><strong>\u00cen perioada septembrie \u2013 octombrie 2018, poli\u0163i\u015ftii de prevenire din cadrul Inspectoratului de Poli\u0163ie Jude\u0163ean Suceava, \u00eempreun\u0103 cu poli\u0163i\u015ftii de ordine public\u0103 \u015fi cei din cadrul sec\u0163iilor \u015fi posturilor rurale de poli\u0163ie, desf\u0103\u015foar\u0103 activit\u0103\u0163i de informare a cet\u0103\u0163enilor cu privire la m\u0103surile de autoprotejare necesare pentru a nu deveni victimele ho\u0163ilor de produse agricole de pe c\u00e2mp.<\/strong><\/em><\/h2>\n<p><em>\u00cen perioada 15 \u2013 22 septembrie, poli\u021bi\u0219tii din cadrul <\/em>Compartimentului de Analiz\u0103 \u015fi Prevenire a Criminalit\u0103\u0163ii \u0219i cei din mediul rural au desf\u0103\u0219urat activit\u0103\u021bi de informare, fiind prezen\u021bi la evenimente sociale de amploare organizate pe raza jude\u021bului, pentru promovarea recomand\u0103rilor preventive.<\/p>\n<p>Av\u00e2nd \u00een vedere faptul c\u0103 a \u00eenceput campania de recoltare a culturilor de toamn\u0103, furturile de produse de pe c\u00e2mp constituie \u00een aceast\u0103 perioad\u0103 o prioritate a poli\u0163i\u015ftilor, cu prec\u0103dere \u00een mediul rural.<\/p>\n<p>Astfel, pe l\u00e2ng\u0103 activit\u0103\u0163ile de prevenire \u015fi responsabilizare desf\u0103\u015furate de poli\u0163i\u015ftii din cadrul Compartimentului de Analiz\u0103 \u015fi Prevenire a Criminalit\u0103\u0163ii, conducerea inspectoratului a dispus ca poli\u0163i\u015ftii structurilor de ordine public\u0103 \u015fi investiga\u0163ii criminale, \u00eempreun\u0103 cu cei din cadrul posturilor de poli\u0163ie comunale s\u0103 intensifice ac\u0163iunile de control \u00een locurile \u015fi zonele predispuse comercializ\u0103rii bunurilor sustrase, precum pie\u0163e, t\u00e2rguri \u015fi centre de colectare a fructelor \u015fi legumelor de sezon, pentru verificarea legalit\u0103\u0163ii provenien\u0163ei produselor agricole.<\/p>\n<p>Totodat\u0103, poli\u0163i\u015ftii suceveni desf\u0103\u015foar\u0103 activit\u0103\u0163i specifice de patrulare \u00een zonele cu terenuri agricole, \u00een vederea prinderii \u015fi descuraj\u0103rii poten\u0163ialilor infractori, precum \u015fi a inform\u0103rii proprietarilor asupra necesit\u0103\u0163ii adopt\u0103rii unor m\u0103suri de supraveghere a culturilor.<\/p>\n<p>De la \u00eenceputul acestui an au fost sesizate 20 de furturi de culturi agricole. Odat\u0103 cu \u00eenceputul toamnei se remarc\u0103 \u00eens\u0103 o cre\u0219tere a acestui gen de fapte, doar \u00een perioada 10 \u2013 14 septembrie fiind sesizate 3 infrac\u021biuni.<\/p>\n<p>\u00a0<\/p>\n<p>La 14.09.2018, ora 19.28, poli\u021bi\u0219tii Sec\u021biei 10 Poli\u021bie Rural\u0103 Gura Humorului au fost sesiza\u0163i prin SNUAU 112, de c\u0103tre un b\u0103rbat de 39 de ani, din comuna Dr\u0103goie\u0219ti, despre faptul c\u0103 i-au fost sustrase mere, din pomi fructiferi.<\/p>\n<p>\u00cen timpul deplas\u0103rii spre eveniment, poli\u021bi\u0219tii au identificat trei atelaje hipo \u00eenc\u0103rcate cu saci cu mere care se deplasau pe drumul jude\u021bean din localitatea Dr\u0103goie\u0219ti. S-a procedat la legitimarea persoanelor care conduceau atelajele hipo \u0219i \u00eentreaga cantitate de 1,41 tone de mere, depozitate \u00een 47 saci din rafie, a fost recuperat\u0103.<\/p>\n<p>S-a \u00eentocmit dosar penal privind infrac\u0163iunea de \u201efurt\u201d.<\/p>\n<p>\u00a0<\/p>\n<p>\u00a0<\/p>\n<p>De asemenea, poli\u021bi\u0219tii Sec\u0163iei 13 Poli\u0163ie Rural\u0103 B\u0103lc\u0103u\u0163i au fost sesiza\u0163i prin SNUAU 112 de c\u0103tre un b\u0103rbat de 53 de ani, din municipiul Suceava, despre faptul c\u0103, persoane necunoscute au p\u0103truns pe terenul s\u0103u cultivat cu cartofi de unde au\u00a0 sustras o parte din recolt\u0103.<\/p>\n<p>\u00cen urma cercet\u0103rilor s-a stabilit c\u0103 susnumitul de\u0163ine o suprafa\u0163\u0103 de 20 hectare teren arabil pe raza comunei B\u0103lc\u0103u\u021bi, din care, \u00een anul agricol 2018, 3 hectare au fost cultivate cu cartofi.<\/p>\n<p>\u00cen perioada 10-14.09.2018, interval \u00een care partea v\u0103t\u0103mat\u0103 nu \u015fi-a verificat cultura, persoane necunoscute au p\u0103truns pe terenul s\u0103u de unde au sustras cartofi de pe o suprafa\u0163\u0103 de aproximativ 10 ari.<\/p>\n<p>S-a \u00eentocmit dosar penal privind infrac\u0163iunea de \u201efurt calificat\u201d.<\/p>\n<p>\u00a0<\/p>\n<p>La 10.09.2018, ora 14.10, poli\u021bi\u0219tii Postului de Poli\u0163ie P\u0103ltinoasa au fost sesiza\u0163i de c\u0103tre un b\u0103rbat de 40 de ani, din comuna P\u0103ltinoasa, despre faptul c\u0103 dou\u0103 persoane i-au sustras porumb din lanul s\u0103u.<\/p>\n<p>\u00cen urma cercet\u0103rilor s-a stabilit c\u0103 la 10.09.2018, ora 14.00, afl\u00e2ndu-se \u00een trecere prin zona lanului s\u0103u, a observat dou\u0103 persoane din aceea\u015fi localitate care \u00eei sustr\u0103geau porumb \u015fi \u00eenc\u0103rcau \u00een atelajele hipo astfel c\u0103 a sesizat Poli\u0163ia.<\/p>\n<p>\u00cen satul Capu Codrului, \u00een apropierea magazinului \u201eLa Bo\u015fca\u201d au fost identifica\u0163i doi b\u0103rba\u021bi de 42 \u0219i 54 de ani, ambii din comuna P\u0103ltinoasa, ce aveau \u00eenc\u0103rcat \u00een atelajele hipo o cantitate de porumb.<\/p>\n<p>Fiind \u00eentreba\u0163i de provenien\u0163a porumbului ace\u015ftia au recunoscut c\u0103 l-au sustras.<\/p>\n<p>Cantitatea de porumb sustras\u0103 a fost c\u00e2nt\u0103rit\u0103 \u015fi predat\u0103 persoanei v\u0103t\u0103mate.<\/p>\n<p>S-a \u00eentocmit dosar penal privind infrac\u0163iunea de \u201efurt\u201d.<\/p>\n<p><em>\u00centruc\u00e2t \u00een cele mai multe cazuri autorii furturilor de acest tip sunt\u00a0 persoane f\u0103r\u0103 surse de venit, angajate ca \u015fi zilieri de c\u0103tre agricultori,<\/em><em>pentru a nu deveni victimele ho\u0163ilor, poli\u0163i\u015ftii v\u0103 sf\u0103tuiesc s\u0103 \u0163ine\u0163i cont de urm\u0103toarele <\/em><strong><em>recomand\u0103ri<\/em><\/strong><em>:<\/em><\/p>\n<p>Asigura\u021bi paza culturilor sau apela\u0163i la c\u00e2ini de paz\u0103, deoarece ho\u0163ii profit\u0103 de faptul c\u0103 terenurile \u015fi culturile agricole nu sunt supravegheate corespunz\u0103tor.<\/p>\n<p>Nu angaja\u0163i lucr\u0103tori zilieri at\u00e2ta timp c\u00e2t ace\u015ftia nu prezint\u0103 \u00eencredere sau nu \u00eei cunoa\u015fte\u0163i.<\/p>\n<p>Nu l\u0103sa\u0163i pe c\u00e2mp produsele agricole recoltate, \u00eentruc\u00e2t ho\u0163ii profit\u0103 \u00een timpul nop\u0163ii sau \u00een zilele libere de aceast\u0103 stare de fapt \u015fi pot ac\u0163iona nestingheri\u0163i;<\/p>\n<p>Nu achizi\u0163iona\u0163i produse agricole de la v\u00e2nz\u0103tori ocazionali, la pre\u0163uri mult mai mici dec\u00e2t pre\u0163ul pie\u0163ei, deoarece exist\u0103 posibilitatea ca aceste produse s\u0103 provin\u0103 din furturile de sezon!<\/p>\n<p>\u00a0<\/p>\n<\/section>\n<footer class=\"article-footer\">\n<div class=\"cb-social-sharing cb-post-footer-block cb-beside clearfix\">\n<div class=\"cb-title-subtle\">Share On:<\/div>\n<div class=\"cb-twitter\"><a href=\"https:\/\/twitter.com\/share\" class=\"twitter-share-button\" data-dnt=\"true\" data-count=\"horizontal\">Tweet<\/a><\/div>\n<\/div>\n<div id=\"cb-previous-next-links\" class=\"cb-post-footer-block clearfix\">\n<div id=\"cb-previous-link\"><a href=\"https:\/\/suceavalive.ro\/peste-20-de-soferi-identificati-de-politisti-bauti-la-volan-in-ultimele-zile\/\" rel=\"prev\">Peste 20 de \u0219oferi identifica\u021bi de poli\u021bi\u0219ti b\u0103u\u021bi la volan, \u00een ultimele zile<\/a><\/div>\n<div id=\"cb-next-link\"><a href=\"https:\/\/suceavalive.ro\/primaria-suceava-doreste-sa-reabiliteze-colegiul-tehnic-petru-musat\/\" rel=\"next\">Prim\u0103ria Suceava dore\u0219te s\u0103 reabiliteze Colegiul Tehnic \u201ePetru Mu\u0219at\u201d<\/a><\/div>\n<\/div>\n<div id=\"cb-author-box\" class=\"clearfix\">\n<h3 class=\"cb-block-title\">Despre autor<\/h3>\n<div class=\"cb-mask\"><a href=\"https:\/\/suceavalive.ro\/author\/suceavalive\/\"><img decoding=\"async\" src=\"https:\/\/analyse.optim.biz\/wp-content\/uploads\/2026\/01\/d542cd85af72d7d3afad0d26982263c9a64170e87d978956298bfb0122b00b8c-1086.jpg\" class=\"avatar avatar-120 photo\" height=\"120\" width=\"120\" loading=\"lazy\" title=\"d542cd85af72d7d3afad0d26982263c9a64170e87d978956298bfb0122b00b8c-1086\"><\/a><\/div>\n<div class=\"cb-meta\">\n<div class=\"cb-info\">\n<div class=\"cb-author-title vcard\"><a href=\"https:\/\/suceavalive.ro\/author\/suceavalive\/\"><span class=\"fn\">SuceavaLive<\/span><\/a><\/div>\n<\/div>\n<\/div>\n<\/div>\n<div id=\"cb-related-posts\" class=\"cb-related-posts-block cb-post-end-block clearfix\">\n<h3 class=\"cb-block-title\">Postari asemanatoare<\/h3>\n<ul>\n<li class=\"cb-style-overlay cb-grid-entry cb-related-post no-1\">\n<div class=\"cb-mask\"><a href=\"https:\/\/suceavalive.ro\/draga-turistule-de-pasii-te-vor-purta-in-bucovina-nu-uita-de-biserica-de-lemn-de-la-draguseni\/\"><img decoding=\"async\" width=\"360\" height=\"240\" src=\"https:\/\/analyse.optim.biz\/wp-content\/uploads\/2026\/01\/biserica_de_lemn_din_draguseni-360x240-1-11.jpg\" class=\"attachment-cb-360-240 size-cb-360-240 wp-post-image\" loading=\"lazy\" title=\"biserica_de_lemn_din_draguseni-360x240-1-11\"><\/a><\/div>\n<div class=\"cb-meta cb-article-meta\">\n<h4 class=\"h3 cb-post-title\"><a href=\"https:\/\/suceavalive.ro\/draga-turistule-de-pasii-te-vor-purta-in-bucovina-nu-uita-de-biserica-de-lemn-de-la-draguseni\/\">Drag\u0103 turistule, de pa\u0219ii te vor purta \u00een Bucovina, nu uita de Biserica de lemn de la\u00a0Dr\u0103gu\u0219eni<\/a><\/h4>\n<div class=\"cb-byline cb-font-header\">\n<div class=\"cb-date cb-byline-element\"><time datetime=\"2026-01-30\">30 ianuarie 2026<\/time><\/div>\n<\/div>\n<\/div>\n<\/li>\n<li class=\"cb-style-overlay cb-grid-entry cb-related-post no-2\">\n<div class=\"cb-mask\"><a href=\"https:\/\/suceavalive.ro\/bilant-itm-suceava-controale-la-asociatiile-de-proprietari-si-firmele-de-administrare-a-cladirilor\/\"><img decoding=\"async\" width=\"298\" height=\"240\" src=\"https:\/\/analyse.optim.biz\/wp-content\/uploads\/2026\/01\/campanie-itm-76.jpg\" class=\"attachment-cb-360-240 size-cb-360-240 wp-post-image\" loading=\"lazy\" title=\"campanie-itm-76\"><\/a><\/div>\n<div class=\"cb-meta cb-article-meta\">\n<h4 class=\"h3 cb-post-title\"><a href=\"https:\/\/suceavalive.ro\/bilant-itm-suceava-controale-la-asociatiile-de-proprietari-si-firmele-de-administrare-a-cladirilor\/\">Bilan\u021b ITM Suceava: Controale la asocia\u021biile de proprietari \u0219i firmele de administrare a cl\u0103dirilor<\/a><\/h4>\n<div class=\"cb-byline cb-font-header\">\n<div class=\"cb-date cb-byline-element\"><time datetime=\"2026-01-30\">30 ianuarie 2026<\/time><\/div>\n<\/div>\n<\/div>\n<\/li>\n<\/ul>\n<\/div>\n<\/footer>\n<div id=\"respond\" class=\"comment-respond\">\n<h3 id=\"reply-title\" class=\"comment-reply-title\">Lasa un raspuns <small><a rel=\"nofollow\" id=\"cancel-comment-reply-link\" href=\"https:\/\/suceavalive.ro\/politistii-suceveni-vin-cu-recomandari-pentru-prevenirea-furturilor-de-culturi-agricole\/#respond\">Anuleaza raspunsul<\/a><\/small><\/h3>\n<p class=\"comment-notes\">Adresa ta de email nu va fi publicat\u0103.<\/p>\n<\/div>\n<\/article>\n<section class=\"cb-entry-content entry-content clearfix\">\n<h2><em><strong>\u00cen perioada septembrie \u2013 octombrie 2018, poli\u0163i\u015ftii de prevenire din cadrul Inspectoratului de Poli\u0163ie Jude\u0163ean Suceava, \u00eempreun\u0103 cu poli\u0163i\u015ftii de ordine public\u0103 \u015fi cei din cadrul sec\u0163iilor \u015fi posturilor rurale de poli\u0163ie, desf\u0103\u015foar\u0103 activit\u0103\u0163i de informare a cet\u0103\u0163enilor cu privire la m\u0103surile de autoprotejare necesare pentru a nu deveni victimele ho\u0163ilor de produse agricole de pe c\u00e2mp.<\/strong><\/em><\/h2>\n<p><em>\u00cen perioada 15 \u2013 22 septembrie, poli\u021bi\u0219tii din cadrul <\/em>Compartimentului de Analiz\u0103 \u015fi Prevenire a Criminalit\u0103\u0163ii \u0219i cei din mediul rural au desf\u0103\u0219urat activit\u0103\u021bi de informare, fiind prezen\u021bi la evenimente sociale de amploare organizate pe raza jude\u021bului, pentru promovarea recomand\u0103rilor preventive.<\/p>\n<p>Av\u00e2nd \u00een vedere faptul c\u0103 a \u00eenceput campania de recoltare a culturilor de toamn\u0103, furturile de produse de pe c\u00e2mp constituie \u00een aceast\u0103 perioad\u0103 o prioritate a poli\u0163i\u015ftilor, cu prec\u0103dere \u00een mediul rural.<\/p>\n<p>Astfel, pe l\u00e2ng\u0103 activit\u0103\u0163ile de prevenire \u015fi responsabilizare desf\u0103\u015furate de poli\u0163i\u015ftii din cadrul Compartimentului de Analiz\u0103 \u015fi Prevenire a Criminalit\u0103\u0163ii, conducerea inspectoratului a dispus ca poli\u0163i\u015ftii structurilor de ordine public\u0103 \u015fi investiga\u0163ii criminale, \u00eempreun\u0103 cu cei din cadrul posturilor de poli\u0163ie comunale s\u0103 intensifice ac\u0163iunile de control \u00een locurile \u015fi zonele predispuse comercializ\u0103rii bunurilor sustrase, precum pie\u0163e, t\u00e2rguri \u015fi centre de colectare a fructelor \u015fi legumelor de sezon, pentru verificarea legalit\u0103\u0163ii provenien\u0163ei produselor agricole.<\/p>\n<p>Totodat\u0103, poli\u0163i\u015ftii suceveni desf\u0103\u015foar\u0103 activit\u0103\u0163i specifice de patrulare \u00een zonele cu terenuri agricole, \u00een vederea prinderii \u015fi descuraj\u0103rii poten\u0163ialilor infractori, precum \u015fi a inform\u0103rii proprietarilor asupra necesit\u0103\u0163ii adopt\u0103rii unor m\u0103suri de supraveghere a culturilor.<\/p>\n<p>De la \u00eenceputul acestui an au fost sesizate 20 de furturi de culturi agricole. Odat\u0103 cu \u00eenceputul toamnei se remarc\u0103 \u00eens\u0103 o cre\u0219tere a acestui gen de fapte, doar \u00een perioada 10 \u2013 14 septembrie fiind sesizate 3 infrac\u021biuni.<\/p>\n<p>\u00a0<\/p>\n<p>La 14.09.2018, ora 19.28, poli\u021bi\u0219tii Sec\u021biei 10 Poli\u021bie Rural\u0103 Gura Humorului au fost sesiza\u0163i prin SNUAU 112, de c\u0103tre un b\u0103rbat de 39 de ani, din comuna Dr\u0103goie\u0219ti, despre faptul c\u0103 i-au fost sustrase mere, din pomi fructiferi.<\/p>\n<p>\u00cen timpul deplas\u0103rii spre eveniment, poli\u021bi\u0219tii au identificat trei atelaje hipo \u00eenc\u0103rcate cu saci cu mere care se deplasau pe drumul jude\u021bean din localitatea Dr\u0103goie\u0219ti. S-a procedat la legitimarea persoanelor care conduceau atelajele hipo \u0219i \u00eentreaga cantitate de 1,41 tone de mere, depozitate \u00een 47 saci din rafie, a fost recuperat\u0103.<\/p>\n<p>S-a \u00eentocmit dosar penal privind infrac\u0163iunea de \u201efurt\u201d.<\/p>\n<p>\u00a0<\/p>\n<p>\u00a0<\/p>\n<p>De asemenea, poli\u021bi\u0219tii Sec\u0163iei 13 Poli\u0163ie Rural\u0103 B\u0103lc\u0103u\u0163i au fost sesiza\u0163i prin SNUAU 112 de c\u0103tre un b\u0103rbat de 53 de ani, din municipiul Suceava, despre faptul c\u0103, persoane necunoscute au p\u0103truns pe terenul s\u0103u cultivat cu cartofi de unde au\u00a0 sustras o parte din recolt\u0103.<\/p>\n<p>\u00cen urma cercet\u0103rilor s-a stabilit c\u0103 susnumitul de\u0163ine o suprafa\u0163\u0103 de 20 hectare teren arabil pe raza comunei B\u0103lc\u0103u\u021bi, din care, \u00een anul agricol 2018, 3 hectare au fost cultivate cu cartofi.<\/p>\n<p>\u00cen perioada 10-14.09.2018, interval \u00een care partea v\u0103t\u0103mat\u0103 nu \u015fi-a verificat cultura, persoane necunoscute au p\u0103truns pe terenul s\u0103u de unde au sustras cartofi de pe o suprafa\u0163\u0103 de aproximativ 10 ari.<\/p>\n<p>S-a \u00eentocmit dosar penal privind infrac\u0163iunea de \u201efurt calificat\u201d.<\/p>\n<p>\u00a0<\/p>\n<p>La 10.09.2018, ora 14.10, poli\u021bi\u0219tii Postului de Poli\u0163ie P\u0103ltinoasa au fost sesiza\u0163i de c\u0103tre un b\u0103rbat de 40 de ani, din comuna P\u0103ltinoasa, despre faptul c\u0103 dou\u0103 persoane i-au sustras porumb din lanul s\u0103u.<\/p>\n<p>\u00cen urma cercet\u0103rilor s-a stabilit c\u0103 la 10.09.2018, ora 14.00, afl\u00e2ndu-se \u00een trecere prin zona lanului s\u0103u, a observat dou\u0103 persoane din aceea\u015fi localitate care \u00eei sustr\u0103geau porumb \u015fi \u00eenc\u0103rcau \u00een atelajele hipo astfel c\u0103 a sesizat Poli\u0163ia.<\/p>\n<p>\u00cen satul Capu Codrului, \u00een apropierea magazinului \u201eLa Bo\u015fca\u201d au fost identifica\u0163i doi b\u0103rba\u021bi de 42 \u0219i 54 de ani, ambii din comuna P\u0103ltinoasa, ce aveau \u00eenc\u0103rcat \u00een atelajele hipo o cantitate de porumb.<\/p>\n<p>Fiind \u00eentreba\u0163i de provenien\u0163a porumbului ace\u015ftia au recunoscut c\u0103 l-au sustras.<\/p>\n<p>Cantitatea de porumb sustras\u0103 a fost c\u00e2nt\u0103rit\u0103 \u015fi predat\u0103 persoanei v\u0103t\u0103mate.<\/p>\n<p>S-a \u00eentocmit dosar penal privind infrac\u0163iunea de \u201efurt\u201d.<\/p>\n<p><em>\u00centruc\u00e2t \u00een cele mai multe cazuri autorii furturilor de acest tip sunt\u00a0 persoane f\u0103r\u0103 surse de venit, angajate ca \u015fi zilieri de c\u0103tre agricultori,<\/em><em>pentru a nu deveni victimele ho\u0163ilor, poli\u0163i\u015ftii v\u0103 sf\u0103tuiesc s\u0103 \u0163ine\u0163i cont de urm\u0103toarele <\/em><strong><em>recomand\u0103ri<\/em><\/strong><em>:<\/em><\/p>\n<p>Asigura\u021bi paza culturilor sau apela\u0163i la c\u00e2ini de paz\u0103, deoarece ho\u0163ii profit\u0103 de faptul c\u0103 terenurile \u015fi culturile agricole nu sunt supravegheate corespunz\u0103tor.<\/p>\n<p>Nu angaja\u0163i lucr\u0103tori zilieri at\u00e2ta timp c\u00e2t ace\u015ftia nu prezint\u0103 \u00eencredere sau nu \u00eei cunoa\u015fte\u0163i.<\/p>\n<p>Nu l\u0103sa\u0163i pe c\u00e2mp produsele agricole recoltate, \u00eentruc\u00e2t ho\u0163ii profit\u0103 \u00een timpul nop\u0163ii sau \u00een zilele libere de aceast\u0103 stare de fapt \u015fi pot ac\u0163iona nestingheri\u0163i;<\/p>\n<p>Nu achizi\u0163iona\u0163i produse agricole de la v\u00e2nz\u0103tori ocazionali, la pre\u0163uri mult mai mici dec\u00e2t pre\u0163ul pie\u0163ei, deoarece exist\u0103 posibilitatea ca aceste produse s\u0103 provin\u0103 din furturile de sezon!<\/p>\n<p>\u00a0<\/p>\n<\/section>\n<section class=\"cb-entry-content entry-content clearfix\">\n<h2><em><strong>\u00cen perioada septembrie \u2013 octombrie 2018, poli\u0163i\u015ftii de prevenire din cadrul Inspectoratului de Poli\u0163ie Jude\u0163ean Suceava, \u00eempreun\u0103 cu poli\u0163i\u015ftii de ordine public\u0103 \u015fi cei din cadrul sec\u0163iilor \u015fi posturilor rurale de poli\u0163ie, desf\u0103\u015foar\u0103 activit\u0103\u0163i de informare a cet\u0103\u0163enilor cu privire la m\u0103surile de autoprotejare necesare pentru a nu deveni victimele ho\u0163ilor de produse agricole de pe c\u00e2mp.<\/strong><\/em><\/h2>\n<p><em>\u00cen perioada 15 \u2013 22 septembrie, poli\u021bi\u0219tii din cadrul <\/em>Compartimentului de Analiz\u0103 \u015fi Prevenire a Criminalit\u0103\u0163ii \u0219i cei din mediul rural au desf\u0103\u0219urat activit\u0103\u021bi de informare, fiind prezen\u021bi la evenimente sociale de amploare organizate pe raza jude\u021bului, pentru promovarea recomand\u0103rilor preventive.<\/p>\n<p>Av\u00e2nd \u00een vedere faptul c\u0103 a \u00eenceput campania de recoltare a culturilor de toamn\u0103, furturile de produse de pe c\u00e2mp constituie \u00een aceast\u0103 perioad\u0103 o prioritate a poli\u0163i\u015ftilor, cu prec\u0103dere \u00een mediul rural.<\/p>\n<p>Astfel, pe l\u00e2ng\u0103 activit\u0103\u0163ile de prevenire \u015fi responsabilizare desf\u0103\u015furate de poli\u0163i\u015ftii din cadrul Compartimentului de Analiz\u0103 \u015fi Prevenire a Criminalit\u0103\u0163ii, conducerea inspectoratului a dispus ca poli\u0163i\u015ftii structurilor de ordine public\u0103 \u015fi investiga\u0163ii criminale, \u00eempreun\u0103 cu cei din cadrul posturilor de poli\u0163ie comunale s\u0103 intensifice ac\u0163iunile de control \u00een locurile \u015fi zonele predispuse comercializ\u0103rii bunurilor sustrase, precum pie\u0163e, t\u00e2rguri \u015fi centre de colectare a fructelor \u015fi legumelor de sezon, pentru verificarea legalit\u0103\u0163ii provenien\u0163ei produselor agricole.<\/p>\n<p>Totodat\u0103, poli\u0163i\u015ftii suceveni desf\u0103\u015foar\u0103 activit\u0103\u0163i specifice de patrulare \u00een zonele cu terenuri agricole, \u00een vederea prinderii \u015fi descuraj\u0103rii poten\u0163ialilor infractori, precum \u015fi a inform\u0103rii proprietarilor asupra necesit\u0103\u0163ii adopt\u0103rii unor m\u0103suri de supraveghere a culturilor.<\/p>\n<p>De la \u00eenceputul acestui an au fost sesizate 20 de furturi de culturi agricole. Odat\u0103 cu \u00eenceputul toamnei se remarc\u0103 \u00eens\u0103 o cre\u0219tere a acestui gen de fapte, doar \u00een perioada 10 \u2013 14 septembrie fiind sesizate 3 infrac\u021biuni.<\/p>\n<p>\u00a0<\/p>\n<p>La 14.09.2018, ora 19.28, poli\u021bi\u0219tii Sec\u021biei 10 Poli\u021bie Rural\u0103 Gura Humorului au fost sesiza\u0163i prin SNUAU 112, de c\u0103tre un b\u0103rbat de 39 de ani, din comuna Dr\u0103goie\u0219ti, despre faptul c\u0103 i-au fost sustrase mere, din pomi fructiferi.<\/p>\n<p>\u00cen timpul deplas\u0103rii spre eveniment, poli\u021bi\u0219tii au identificat trei atelaje hipo \u00eenc\u0103rcate cu saci cu mere care se deplasau pe drumul jude\u021bean din localitatea Dr\u0103goie\u0219ti. S-a procedat la legitimarea persoanelor care conduceau atelajele hipo \u0219i \u00eentreaga cantitate de 1,41 tone de mere, depozitate \u00een 47 saci din rafie, a fost recuperat\u0103.<\/p>\n<p>S-a \u00eentocmit dosar penal privind infrac\u0163iunea de \u201efurt\u201d.<\/p>\n<p>\u00a0<\/p>\n<p>\u00a0<\/p>\n<p>De asemenea, poli\u021bi\u0219tii Sec\u0163iei 13 Poli\u0163ie Rural\u0103 B\u0103lc\u0103u\u0163i au fost sesiza\u0163i prin SNUAU 112 de c\u0103tre un b\u0103rbat de 53 de ani, din municipiul Suceava, despre faptul c\u0103, persoane necunoscute au p\u0103truns pe terenul s\u0103u cultivat cu cartofi de unde au\u00a0 sustras o parte din recolt\u0103.<\/p>\n<p>\u00cen urma cercet\u0103rilor s-a stabilit c\u0103 susnumitul de\u0163ine o suprafa\u0163\u0103 de 20 hectare teren arabil pe raza comunei B\u0103lc\u0103u\u021bi, din care, \u00een anul agricol 2018, 3 hectare au fost cultivate cu cartofi.<\/p>\n<p>\u00cen perioada 10-14.09.2018, interval \u00een care partea v\u0103t\u0103mat\u0103 nu \u015fi-a verificat cultura, persoane necunoscute au p\u0103truns pe terenul s\u0103u de unde au sustras cartofi de pe o suprafa\u0163\u0103 de aproximativ 10 ari.<\/p>\n<p>S-a \u00eentocmit dosar penal privind infrac\u0163iunea de \u201efurt calificat\u201d.<\/p>\n<p>\u00a0<\/p>\n<p>La 10.09.2018, ora 14.10, poli\u021bi\u0219tii Postului de Poli\u0163ie P\u0103ltinoasa au fost sesiza\u0163i de c\u0103tre un b\u0103rbat de 40 de ani, din comuna P\u0103ltinoasa, despre faptul c\u0103 dou\u0103 persoane i-au sustras porumb din lanul s\u0103u.<\/p>\n<p>\u00cen urma cercet\u0103rilor s-a stabilit c\u0103 la 10.09.2018, ora 14.00, afl\u00e2ndu-se \u00een trecere prin zona lanului s\u0103u, a observat dou\u0103 persoane din aceea\u015fi localitate care \u00eei sustr\u0103geau porumb \u015fi \u00eenc\u0103rcau \u00een atelajele hipo astfel c\u0103 a sesizat Poli\u0163ia.<\/p>\n<p>\u00cen satul Capu Codrului, \u00een apropierea magazinului \u201eLa Bo\u015fca\u201d au fost identifica\u0163i doi b\u0103rba\u021bi de 42 \u0219i 54 de ani, ambii din comuna P\u0103ltinoasa, ce aveau \u00eenc\u0103rcat \u00een atelajele hipo o cantitate de porumb.<\/p>\n<p>Fiind \u00eentreba\u0163i de provenien\u0163a porumbului ace\u015ftia au recunoscut c\u0103 l-au sustras.<\/p>\n<p>Cantitatea de porumb sustras\u0103 a fost c\u00e2nt\u0103rit\u0103 \u015fi predat\u0103 persoanei v\u0103t\u0103mate.<\/p>\n<p>S-a \u00eentocmit dosar penal privind infrac\u0163iunea de \u201efurt\u201d.<\/p>\n<p><em>\u00centruc\u00e2t \u00een cele mai multe cazuri autorii furturilor de acest tip sunt\u00a0 persoane f\u0103r\u0103 surse de venit, angajate ca \u015fi zilieri de c\u0103tre agricultori,<\/em><em>pentru a nu deveni victimele ho\u0163ilor, poli\u0163i\u015ftii v\u0103 sf\u0103tuiesc s\u0103 \u0163ine\u0163i cont de urm\u0103toarele <\/em><strong><em>recomand\u0103ri<\/em><\/strong><em>:<\/em><\/p>\n<p>Asigura\u021bi paza culturilor sau apela\u0163i la c\u00e2ini de paz\u0103, deoarece ho\u0163ii profit\u0103 de faptul c\u0103 terenurile \u015fi culturile agricole nu sunt supravegheate corespunz\u0103tor.<\/p>\n<p>Nu angaja\u0163i lucr\u0103tori zilieri at\u00e2ta timp c\u00e2t ace\u015ftia nu prezint\u0103 \u00eencredere sau nu \u00eei cunoa\u015fte\u0163i.<\/p>\n<p>Nu l\u0103sa\u0163i pe c\u00e2mp produsele agricole recoltate, \u00eentruc\u00e2t ho\u0163ii profit\u0103 \u00een timpul nop\u0163ii sau \u00een zilele libere de aceast\u0103 stare de fapt \u015fi pot ac\u0163iona nestingheri\u0163i;<\/p>\n<p>Nu achizi\u0163iona\u0163i produse agricole de la v\u00e2nz\u0103tori ocazionali, la pre\u0163uri mult mai mici dec\u00e2t pre\u0163ul pie\u0163ei, deoarece exist\u0103 posibilitatea ca aceste produse s\u0103 provin\u0103 din furturile de sezon!<\/p>\n<p>\u00a0<\/p>\n<\/section>\n<p> Source URL: https:\/\/suceavalive.ro\/politistii-suceveni-vin-cu-recomandari-pentru-prevenirea-furturilor-de-culturi-agricole\/<\/p>\n","protected":false},"excerpt":{"rendered":"<p>Poli\u021bi\u0219tii suceveni vin cu recomand\u0103ri pentru prevenirea furturilor de culturi agricole 23 septembrie 2018 \u00cen perioada septembrie \u2013 octombrie 2018, poli\u0163i\u015ftii de prevenire din cadrul Inspectoratului de Poli\u0163ie Jude\u0163ean Suceava, \u00eempreun\u0103 cu poli\u0163i\u015ftii de ordine public\u0103 \u015fi cei din cadrul sec\u0163iilor \u015fi posturilor rurale de poli\u0163ie, desf\u0103\u015foar\u0103 activit\u0103\u0163i de informare a cet\u0103\u0163enilor cu privire la [&hellip;]<\/p>\n","protected":false},"author":1,"featured_media":1615273,"comment_status":"open","ping_status":"","sticky":false,"template":"","format":"standard","meta":{"footnotes":""},"categories":[89],"tags":[173],"class_list":["post-1615272","post","type-post","status-publish","format-standard","has-post-thumbnail","hentry","category-romania","tag-suceavalive-ro"],"_links":{"self":[{"href":"https:\/\/analyse.optim.biz\/index.php?rest_route=\/wp\/v2\/posts\/1615272","targetHints":{"allow":["GET"]}}],"collection":[{"href":"https:\/\/analyse.optim.biz\/index.php?rest_route=\/wp\/v2\/posts"}],"about":[{"href":"https:\/\/analyse.optim.biz\/index.php?rest_route=\/wp\/v2\/types\/post"}],"author":[{"embeddable":true,"href":"https:\/\/analyse.optim.biz\/index.php?rest_route=\/wp\/v2\/users\/1"}],"replies":[{"embeddable":true,"href":"https:\/\/analyse.optim.biz\/index.php?rest_route=%2Fwp%2Fv2%2Fcomments&post=1615272"}],"version-history":[{"count":0,"href":"https:\/\/analyse.optim.biz\/index.php?rest_route=\/wp\/v2\/posts\/1615272\/revisions"}],"wp:featuredmedia":[{"embeddable":true,"href":"https:\/\/analyse.optim.biz\/index.php?rest_route=\/wp\/v2\/media\/1615273"}],"wp:attachment":[{"href":"https:\/\/analyse.optim.biz\/index.php?rest_route=%2Fwp%2Fv2%2Fmedia&parent=1615272"}],"wp:term":[{"taxonomy":"category","embeddable":true,"href":"https:\/\/analyse.optim.biz\/index.php?rest_route=%2Fwp%2Fv2%2Fcategories&post=1615272"},{"taxonomy":"post_tag","embeddable":true,"href":"https:\/\/analyse.optim.biz\/index.php?rest_route=%2Fwp%2Fv2%2Ftags&post=1615272"}],"curies":[{"name":"wp","href":"https:\/\/api.w.org\/{rel}","templated":true}]}}