{"id":161520,"date":"2016-08-10T18:36:43","date_gmt":"2016-08-10T15:36:43","guid":{"rendered":"https:\/\/analyse.optim.biz\/?p=161520"},"modified":"2016-08-10T18:36:43","modified_gmt":"2016-08-10T15:36:43","slug":"cine-este-delia-popescu-noul-ministru-al-comunicatiilor","status":"publish","type":"post","link":"https:\/\/analyse.optim.biz\/?p=161520","title":{"rendered":"Cine este Delia Popescu, noul ministru al Comunica\u021biilor"},"content":{"rendered":"<div class=\"entry data-app-meta data-app-meta-article\" data-embed-base-url-canonical=\"https:\/\/www.digi24.ro\/embed\/stiri\/actualitate\/politica\/cine-este-delia-popescu-noul-ministru-al-comunicatiilor-548453\">\n<p data-index=\"1\">Delia Popescu s-a n\u0103scut \u00een Bucure\u0219ti, la data de 22 noiembrie 1978 \u0219i este nec\u0103s\u0103torit\u0103. Ea a absolvit, \u00een 2011, Facultatea de Management Turistic si Comercial, specializarea Turism \u015fi este licen\u0163iat\u0103 \u00een Marketing, potrivit CV-ului publicat pe site-ul Agen\u021biei pentru Agenda Digital\u0103 a Rom\u00e2niei.<\/p>\n<p data-index=\"2\">De asemenea, noul ministru a absolvit \u015fi cursurile Institutului Diplomatic Rom\u00e2n, cu specializarea diploma\u0163ie \u015fi securitate.<\/p>\n<p data-index=\"3\">\u00cencep\u00e2nd cu anul 2003, Delia Popescu a activat \u00een domeniul e-guvern\u0103rii \u0219i s-a ocupat de dezvoltarea \u0219i implementarea sistemelor informatice destinate furniz\u0103rii serviciilor publice electronice at\u00e2t pentru cet\u0103teni c\u00e2t \u0219i pentru mediul de afaceri, (Sistemul Electronic de Achizi\u021bii Publice-SEAP, Sistemul Informatic de Atribuire Electronic\u0103 \u00een transporturi-SIAE, Punctul de Contact Unic electronic \u2013 PCUe, Sistemul Na\u021bional Electronic de Plat\u0103 online taxe \u0219i impozite \u2013 SNEP).<\/p>\n<p data-index=\"4\"><em>\u201ePrincipala sa preocupare a fost sus\u021binerea de parteneriate strategice destinate unei implement\u0103ri coerente de servicii de eGuvernare, av\u00e2nd ca principal obiectiv \u00eembun\u0103t\u0103\u021birea performan\u021bei administra\u021biei publice prin oferirea de servicii electronice de calitate\u201d<\/em>, se arat\u0103 \u00een comunicatul Guvernului.\u00a0<\/p>\n<p data-index=\"5\">\u00cen anul 2014, \u00een timpul Guvernului Ponta, Delia Popescu a fost numit\u0103 \u00een func\u021bia de pre\u0219edinte al\u00a0Agen\u021biei pentru Agenda Digital\u0103 a Rom\u00e2niei, institu\u021bie public\u0103 finan\u021bat\u0103 din venituri proprii \u0219i aflat\u0103 \u00een coordonarea prim-ministrului.<\/p>\n<p data-index=\"6\">\u00cen perioada 2009-2014 a fost vicepre\u0219edinte al Centrului Na\u021bional de Management pentru Societatea Informa\u021bional\u0103, institu\u021bie public\u0103 \u00een subordinea Ministerului pentru Societatea Informa\u021bional\u0103.<\/p>\n<p data-index=\"7\">\u00cen perioada 2008-2009 a fost director al departamentului documentare tehnic\u0103 \u00een cadrul Agen\u021biei pentru Serviciile Societ\u0103\u021bii Informa\u021bionale, institu\u021bie public\u0103 \u00een subordinea Ministerului pentru Societatea Informa\u021bional\u0103.<\/p>\n<p data-index=\"8\">Din 2007 p\u00e2n\u0103 \u00een 2008 a fost \u0219ef Serviciu Atribuire Electronic\u0103 \u00een Transporturi \u00een cadrul Agen\u021biei pentru Serviciile Societ\u0103\u021bii Informa\u021bionale.<\/p>\n<p data-index=\"9\">Din 2013 este membru \u00een Consiliul INIS-Infrastructura Na\u021bional\u0103 pentru Informa\u021bii Spa\u021biale privind datele spa\u021biale.<\/p>\n<h5>Declara\u0163ia de avere a Deliei Popescu<\/h5>\n<p data-index=\"10\">Conform declara\u021biei de avere a Deliei Popescu, publicat\u0103 pe site-ul Agen\u021biei pentru Agenda Digital\u0103 a Rom\u00e2niei pe data de 5 aprilie 2016, noul ministru a avut un salariu anual de 56.598 de lei.<\/p>\n<p data-index=\"11\">De asemenea, ea mai de\u021bine dou\u0103 propriet\u0103\u021bi, ambele la Corbeanca, de\u0163inute \u00een regim de cot\u0103-parte: una de 800 de metri p\u0103tra\u0163i, de categoria 3, \u015fi una de 130 de metri p\u0103tra\u0163i, aflat\u0103 \u00een construc\u0163ie.<\/p>\n<p data-index=\"12\">Delia Popescu mai are un autoturism VW Passat, din 2005, dar \u015fi un credit de 10 ani, scandent \u00een 2019, f\u0103cut la Unicredit.<\/p>\n<h5>Fostul ministru al Comunica\u021bilor, remaniat dup\u0103 mai multe declara\u021bii controversate<\/h5>\n<p data-index=\"13\">Fostul ministru al Comunica\u021biilor din Guvernul Ciolo\u0219 a fost revocat din func\u021bie, dup\u0103 ce a f\u0103cut o serie de declara\u021bii cu privire la sistemul de educa\u021bie din Rom\u00e2nia \u0219i la profesori.\u00a0<\/p>\n<p data-index=\"14\">Marius Bostan, a afirmat c\u0103 unii profesori \u00ee\u015fi bat joc de meseria lor \u015fi spun c\u0103 au salarii mici.<\/p>\n<p data-index=\"15\"><em>\u201eUnii profesori pur \u015fi simplu \u00ee\u015fi bat joc de meseria lor \u015fi spun c\u0103 au salarii mici. Domnule, mergi acas\u0103, d\u0103-\u0163i demisia. Dar nu s\u0103 \u00ee\u0163i ba\u0163i joc de viitorul copilului. Justificarea c\u0103 &#8220;am salariu mic&#8221; e o imbecilitate (&#8230;) Dac\u0103 fiecare p\u0103rinte ar pl\u0103ti 100 de lei pe lun\u0103, nu mult, ceva simbolic, dar s\u0103 simt\u0103 c\u0103 nu e gratis\u201d,<\/em>\u00a0a declarat fostul ministru al Comunica\u0163iilor, Marius Bostan.<\/p>\n<p data-index=\"16\"><a href=\"https:\/\/www.digi24.ro\/Stiri\/Digi24\/24+Minute\/Fostul+ministru+al+Comunicatiilor+Marius+Bostan+invitat+la+24+de\" target=\"_blank\" data-skip-linkfix=\"1\" rel=\"noopener\">Fostul ministru al Comunica\u021biilor Marius Bostan a declarat la emisiunea 24 de minute<\/a> c\u0103 a plecat din Guvernul Ciolo\u0219 deoarece a considerat c\u0103 libertatea lui de exprimare era limitat\u0103 de pozi\u021bia pe care o de\u021binea \u00een Guvern. Marius Bostan a explicat c\u0103 a avut o discu\u021bie cu premierul Dacian Ciolo\u0219 \u00eenainte de a fi remaniat c\u00e2nd \u0219i-a exprimat dorin\u021ba de avea mai mult\u0103 libertate \u00een exprimarea unor opinii.<\/p>\n<p data-index=\"17\">Referitor la\u00a0<a href=\"https:\/\/www.digi24.ro\/Stiri\/Digi24\/Actualitate\/Social\/Ministrul+Marius+Bostan+catre+profesorii+care+se+plang+de+salari\" target=\"_blank\" data-skip-linkfix=\"1\" rel=\"noopener\">declara\u021biile controversate pe care le-a f\u0103cut cu privire la profesori \u0219i sistemul de \u00eenv\u0103\u021b\u0103m\u00e2nt<\/a>, Marius Bostan a declarat c\u0103 vorbele lui au fost scoase din context.\u00a0<\/p>\n<p data-index=\"18\"><em>\u201e<span>Au fost f\u0103cute \u00een cadrul unei dezbateri despre educa\u021bia \u00een domeniul tehncologic. Nu putem construi o \u021bar\u0103 puternic\u0103 f\u0103r\u0103 s\u0103 avem oameni. Am r\u0103spuns unei \u00eentreb\u0103ri pertinente din sal\u0103: cum putem m\u0103ri salariile profesorilor? E greu s\u0103 \u021bii un profesor bun pe un salariu mic. Din p\u0103cate num\u0103rul profesorilor buni scade din cauza salariului mic. A fost o dezbatere important\u0103 \u0219i definitorie. Au fost scoase din context declara\u021biile mele. A fost o preclucrare a textului. Scriptul a fost publicat \u0219i orice om de bun\u0103 credin\u021b\u0103 poate vedea realitatea\u201d, a spus fostul ministru.\u00a0<\/span><\/em><\/p>\n<\/div>\n<p> Source URL: https:\/\/www.digi24.ro\/stiri\/actualitate\/politica\/cine-este-delia-popescu-noul-ministru-al-comunicatiilor-548453<\/p>\n","protected":false},"excerpt":{"rendered":"<p>Delia Popescu s-a n\u0103scut \u00een Bucure\u0219ti, la data de 22 noiembrie 1978 \u0219i este nec\u0103s\u0103torit\u0103. Ea a absolvit, \u00een 2011, Facultatea de Management Turistic si Comercial, specializarea Turism \u015fi este licen\u0163iat\u0103 \u00een Marketing, potrivit CV-ului publicat pe site-ul Agen\u021biei pentru Agenda Digital\u0103 a Rom\u00e2niei. De asemenea, noul ministru a absolvit \u015fi cursurile Institutului Diplomatic Rom\u00e2n, [&hellip;]<\/p>\n","protected":false},"author":1,"featured_media":161521,"comment_status":"open","ping_status":"","sticky":false,"template":"","format":"standard","meta":{"footnotes":""},"categories":[2],"tags":[11],"class_list":["post-161520","post","type-post","status-publish","format-standard","has-post-thumbnail","hentry","category-politics","tag-digi24"],"_links":{"self":[{"href":"https:\/\/analyse.optim.biz\/index.php?rest_route=\/wp\/v2\/posts\/161520","targetHints":{"allow":["GET"]}}],"collection":[{"href":"https:\/\/analyse.optim.biz\/index.php?rest_route=\/wp\/v2\/posts"}],"about":[{"href":"https:\/\/analyse.optim.biz\/index.php?rest_route=\/wp\/v2\/types\/post"}],"author":[{"embeddable":true,"href":"https:\/\/analyse.optim.biz\/index.php?rest_route=\/wp\/v2\/users\/1"}],"replies":[{"embeddable":true,"href":"https:\/\/analyse.optim.biz\/index.php?rest_route=%2Fwp%2Fv2%2Fcomments&post=161520"}],"version-history":[{"count":0,"href":"https:\/\/analyse.optim.biz\/index.php?rest_route=\/wp\/v2\/posts\/161520\/revisions"}],"wp:featuredmedia":[{"embeddable":true,"href":"https:\/\/analyse.optim.biz\/index.php?rest_route=\/wp\/v2\/media\/161521"}],"wp:attachment":[{"href":"https:\/\/analyse.optim.biz\/index.php?rest_route=%2Fwp%2Fv2%2Fmedia&parent=161520"}],"wp:term":[{"taxonomy":"category","embeddable":true,"href":"https:\/\/analyse.optim.biz\/index.php?rest_route=%2Fwp%2Fv2%2Fcategories&post=161520"},{"taxonomy":"post_tag","embeddable":true,"href":"https:\/\/analyse.optim.biz\/index.php?rest_route=%2Fwp%2Fv2%2Ftags&post=161520"}],"curies":[{"name":"wp","href":"https:\/\/api.w.org\/{rel}","templated":true}]}}