{"id":161517,"date":"2016-08-11T12:40:43","date_gmt":"2016-08-11T09:40:43","guid":{"rendered":"https:\/\/analyse.optim.biz\/?p=161517"},"modified":"2016-08-11T12:40:43","modified_gmt":"2016-08-11T09:40:43","slug":"ciolos-ii-trimite-semne-bune-lui-dragnea-modifica-prin-ordonanta-de-urgenta-codul-fiscal","status":"publish","type":"post","link":"https:\/\/analyse.optim.biz\/?p=161517","title":{"rendered":"Ciolo\u0219 \u00eei trimite semne bune lui Dragnea \u2013 modific\u0103 prin Ordonan\u021b\u0103 de Urgen\u021b\u0103 Codul fiscal"},"content":{"rendered":"<div class=\"entry data-app-meta data-app-meta-article\" data-embed-base-url-canonical=\"https:\/\/www.digi24.ro\/embed\/stiri\/actualitate\/politica\/ciolos-ii-trimite-semne-bune-lui-dragnea-modifica-prin-ordonanta-de-urgenta-codul-fiscal-548682\">\n<p data-index=\"1\"><img decoding=\"async\" src=\"https:\/\/analyse.optim.biz\/wp-content\/uploads\/2024\/09\/mczoyxnoptrmmde5ymrmnze1odrhnwe4ytgzntflodg1mguxzmni-thumb_.jpg\" data-skip-htmlfix=\"1\" title=\"mczoyxnoptrmmde5ymrmnze1odrhnwe4ytgzntflodg1mguxzmni-thumb_\"><\/p>\n<p data-index=\"2\">\u201cGuvernul nu a modificat nimic prin Hot\u0103r\u00e2re de Guvern, ci a clarificat lucrurile scrise \u00een Codul fiscal. A\u015fa cum am f\u0103cut de nenum\u0103rate ori, rezolv\u0103m problemele care ne apar \u00een cale, probleme pe care nu le-am creat noi. Vom modifica Codul fiscal g\u00e2ndit \u015fi promovat de Guvernul precedent \u015fi vom corecta aceast\u0103 nedreptate f\u0103cut\u0103 veteranilor \u015fi familiilor lor.\u00a0 Lucrurile sunt clare din punctul nostru de vedere. Gre\u015feala este \u00een Codul fiscal \u00een care, la acest punct, formularea este ambigu\u0103, spre deosebire de textul din codul fiscal precedent, unde lucrurile erau limpezi \u00een ceea ce-i prive\u015fte pe veterani \u015fi pe v\u0103duvele de r\u0103zboi. Problema izvor\u0103\u015fte de acolo, din faptul c\u0103 unele prevederi din vechiul Cod fiscal nu au fost transpuse \u00een cel nou, cu o formulare la fel de clar\u0103. Nu aveam cum s\u0103 modific\u0103m noi prevederile Codului prin Hot\u0103r\u00e2re de Guvern\u201c, a declarat premierul Dacian Ciolo\u015f pentru \u201eAdev\u0103rul\u201c.<\/p>\n<p data-index=\"3\">Premierul Dacian Ciolo\u015f a ar\u0103tat c\u0103 so\u0163iile veteranilor de r\u0103zboi au fost nevoite s\u0103 pl\u0103teasc\u0103 impozit din cauza prevederilor din noul Cod Fiscal, asumat de Guvernul Ponta \u015fi adoptat \u00een Parlament de majoritratea PSD. \u201eConform vechiului Cod Fiscal, p\u00e2n\u0103 \u00een 2015, scutirea fiscal\u0103 se aplica integral, pentru propriet\u0103\u0163ile de\u0163inute \u00een comun de so\u0163i \u2013 veteran de r\u0103zboi, v\u0103duv\u0103 de r\u0103zboi sau v\u0103duv\u0103 nerec\u0103s\u0103torit\u0103. Cota parte se aplica numai pentru propriet\u0103\u0163ile de\u0163inute de ace\u015ftia \u00eempreun\u0103 cu alte persoane dec\u00e2t so\u0163ul sau so\u0163ia. Din ianuarie 2016, potrivit noului Cod fiscal, veteranii de r\u0103zboi, v\u0103duvele de r\u0103zboi \u015fi v\u0103duvele nerec\u0103s\u0103torite beneficiaz\u0103 \u00een continuare de scutirile de la plata impozitelor \u015fi taxelor locale. Din p\u0103cate, so\u0163iile, so\u0163ii acestora nu mai beneficiaz\u0103 de scutire pentru cota parte din cl\u0103direa sau terenul pe care le de\u0163in \u00eempreun\u0103, pentru c\u0103 un articol din vechiul Cod fiscal nu a fost preluat \u00een noua lege\u201c, arat\u0103 premierul Ciolo\u015f, care anun\u0163\u0103 c\u0103 va modifica prin ordonan\u0163\u0103 de urgen\u0163\u0103 Codul Fiscal, astfel \u00eenc\u00e2t so\u0163iile veteranilor s\u0103 fie scuutite din nou de la plata impozitelor. \u201eEste o problem\u0103, este o nedreptate f\u0103cut\u0103 veteranilor \u015fi familiilor lor \u015fi o vom rezolva. Daca problema de fond a domnului Dragnea este \u00eentr-adev\u0103r scutirea de taxe a veteranilor \u015fi a familiei acestora pentru imobilul \u00een care locuiesc \u00eempreun\u0103, am spus-o deja clar, vom rezolva aceast\u0103 problem\u0103. Nu prin interpret\u0103ri ale ambiguit\u0103\u0163ilor din codul fiscal \u00een norme, ci prin formul\u0103ri clare ale codului fiscal\u201c, \u00eencheie Ciolo\u015f.<\/p>\n<p data-index=\"4\">Liderul PSD Liviu Dragnea a declarat, joi, \u00eenainte de \u00eent\u00e2lnirea cu pre\u015fedintele ALDE C\u0103lin Popescu T\u0103riceanu privind depunerea unei mo\u0163iuni de cenzur\u0103, c\u0103 declara\u0163ia lui Dacian Ciolo\u015f privind modificarea Codului fiscal reprezint\u0103 &#8220;un pas&#8221; f\u0103cut de premier. &#8220;Am v\u0103zut o declara\u0163ie a premierului Ciolo\u015f care reprezint\u0103 un pas \u015fi pe care o vom analiza cu aten\u0163ie acum \u00een discu\u0163ie. Scopul nostru major a fost \u015fi r\u0103m\u00e2ne ca veteranii de r\u0103zboi, persoanele cu disabilit\u0103\u0163i, s\u0103 nu-\u015fi piard\u0103 drepturile&#8221;, a spus Liviu Dragnea. \u00centrebat dac\u0103 a\u015fteapt\u0103 \u00een continuare \u015fi scuze de la prim-ministru, pre\u015fedintele PSD a spus c\u0103 Ciolo\u015f trebuie s\u0103 adreseze astfel de scuze veteranilor de r\u0103zboi, nu lui. Dragnea a ad\u0103ugat c\u0103 va \u0163ine cont de declara\u0163ia lui Ciolo\u015f, \u00eens\u0103 decizia cu privire la mo\u0163iunea de cenzur\u0103 va fi luat\u0103 \u015fi de punerea \u00een aplicare a modific\u0103rii Codului fiscal.<\/p>\n<\/div>\n<p> Source URL: https:\/\/www.digi24.ro\/stiri\/actualitate\/politica\/ciolos-ii-trimite-semne-bune-lui-dragnea-modifica-prin-ordonanta-de-urgenta-codul-fiscal-548682<\/p>\n","protected":false},"excerpt":{"rendered":"<p>\u201cGuvernul nu a modificat nimic prin Hot\u0103r\u00e2re de Guvern, ci a clarificat lucrurile scrise \u00een Codul fiscal. A\u015fa cum am f\u0103cut de nenum\u0103rate ori, rezolv\u0103m problemele care ne apar \u00een cale, probleme pe care nu le-am creat noi. Vom modifica Codul fiscal g\u00e2ndit \u015fi promovat de Guvernul precedent \u015fi vom corecta aceast\u0103 nedreptate f\u0103cut\u0103 veteranilor [&hellip;]<\/p>\n","protected":false},"author":1,"featured_media":161518,"comment_status":"open","ping_status":"","sticky":false,"template":"","format":"standard","meta":{"footnotes":""},"categories":[2],"tags":[11],"class_list":["post-161517","post","type-post","status-publish","format-standard","has-post-thumbnail","hentry","category-politics","tag-digi24"],"_links":{"self":[{"href":"https:\/\/analyse.optim.biz\/index.php?rest_route=\/wp\/v2\/posts\/161517","targetHints":{"allow":["GET"]}}],"collection":[{"href":"https:\/\/analyse.optim.biz\/index.php?rest_route=\/wp\/v2\/posts"}],"about":[{"href":"https:\/\/analyse.optim.biz\/index.php?rest_route=\/wp\/v2\/types\/post"}],"author":[{"embeddable":true,"href":"https:\/\/analyse.optim.biz\/index.php?rest_route=\/wp\/v2\/users\/1"}],"replies":[{"embeddable":true,"href":"https:\/\/analyse.optim.biz\/index.php?rest_route=%2Fwp%2Fv2%2Fcomments&post=161517"}],"version-history":[{"count":0,"href":"https:\/\/analyse.optim.biz\/index.php?rest_route=\/wp\/v2\/posts\/161517\/revisions"}],"wp:featuredmedia":[{"embeddable":true,"href":"https:\/\/analyse.optim.biz\/index.php?rest_route=\/wp\/v2\/media\/161518"}],"wp:attachment":[{"href":"https:\/\/analyse.optim.biz\/index.php?rest_route=%2Fwp%2Fv2%2Fmedia&parent=161517"}],"wp:term":[{"taxonomy":"category","embeddable":true,"href":"https:\/\/analyse.optim.biz\/index.php?rest_route=%2Fwp%2Fv2%2Fcategories&post=161517"},{"taxonomy":"post_tag","embeddable":true,"href":"https:\/\/analyse.optim.biz\/index.php?rest_route=%2Fwp%2Fv2%2Ftags&post=161517"}],"curies":[{"name":"wp","href":"https:\/\/api.w.org\/{rel}","templated":true}]}}