{"id":161506,"date":"2016-08-11T13:44:57","date_gmt":"2016-08-11T10:44:57","guid":{"rendered":"https:\/\/analyse.optim.biz\/?p=161506"},"modified":"2016-08-11T13:44:57","modified_gmt":"2016-08-11T10:44:57","slug":"psd-abandoneaza-pentru-moment-motiunea-de-cenzura","status":"publish","type":"post","link":"https:\/\/analyse.optim.biz\/?p=161506","title":{"rendered":"PSD abandoneaz\u0103 pentru moment mo\u021biunea de cenzur\u0103"},"content":{"rendered":"<div class=\"entry data-app-meta data-app-meta-article\" data-embed-base-url-canonical=\"https:\/\/www.digi24.ro\/embed\/stiri\/actualitate\/politica\/psd-abandoneaza-pentru-moment-motiunea-de-cenzura-548717\">\n<p data-index=\"1\">\u201eAm luat act de declara\u021biile premierului Ciolo\u0219\u201d, a spus Liviu Dragnea, referindu-se la anun\u021bul primului ministru de a reda scutirile de impozite pe cl\u0103diri \u0219i terenuri acordate veteranilor de r\u0103zboi \u0219i v\u0103duvelor lor. \u201eA\u0219tept\u0103m ca vorbele s\u0103 se transforme \u00een fapte\u201d, a spus liderul social-democrat, care a avertizat c\u0103, \u00een cazul \u00een care Guvernul nu-\u0219i va onora angajamentul, va relua discu\u021biile pe tema mo\u021biunii de cenzur\u0103.<\/p>\n<p data-index=\"2\">\u201eNu am decis c\u0103 nu mai facem mo\u021biune\u201d, a mai precizat Dragnea, ad\u0103ug\u00e2nd c\u0103 PSD mai are nemul\u021bumiri \u0219i fa\u021b\u0103 de lipsa de absorb\u021bie a fondurilor europene, de situa\u021bia din Educa\u021bie \u0219i S\u0103n\u0103tate, iar \u00een func\u021bie de agravarea lor, mo\u021biunea de cenzur\u0103 ar putea reveni pe agenda discu\u021biilor.<\/p>\n<p data-index=\"3\">Liviu Dragnea a reluat declara\u021bia potrivit c\u0103reia PSD \u0219i ALDE (care au o alian\u021b\u0103 pre \u0219i postelectoral\u0103) nu doresc s\u0103 preia guvernarea \u00eenainte de alegeri.<\/p>\n<p data-index=\"4\">La r\u00eendul s\u0103u, copre\u0219edintele ALDE, C\u0103lin Popescu T\u0103riceanu, a declarat c\u0103 nu s-a decis depunerea unei mo\u021biuni de cenzur\u0103 \u00een cadrul \u00eent\u00eelnirii de joi cu PSD, pentru c\u0103 ambele forma\u021biuni au responsabilitate fa\u021b\u0103 de electorat.<\/p>\n<p data-index=\"5\">Pentru ca o mo\u021biune de cenzur\u0103 s\u0103 fie aprobat\u0103 de Parlament, ini\u021biatorii au nevoie de 257 de voturi. \u00cen acest moment, PSD \u0219i ALDE au \u00eempreun\u0103 231 voturi \u0219i mai au nevoie de 26 de alia\u021bi pentru demiterea Guvernului.<\/p>\n<p data-index=\"6\">\u00centr-un interviu recent, Liviu Dragnea a declarat c\u0103 nu negociaz\u0103 voturile \u00een favoarea mo\u021biunii cu PMP \u0219i Traian B\u0103sescu, pentru c\u0103 se poate baza pe voturile unor parlamentari UNPR, nemul\u021bumi\u021bi de fuziunea cu PMP. Partidul condus de Traian B\u0103sescu (41 de voturi dup\u0103 fuziunea cu UNPR) anun\u021base c\u0103 nu sus\u021bine mo\u021biunea de cenzur\u0103.<\/p>\n<p data-index=\"7\">De asemenea, din partea liberalilor, care sus\u021bin Cabinetul Ciolo\u0219, au venit critici la adresa PSD, pe care l-au acuzat c\u0103, prin demiterea Guvernului, partidul condus de Liviu Dragnea ar urm\u0103ri blocarea unor ini\u021biative ale executivului, referitoare la \u00eencurajarea diasporei s\u0103 voteze la alegerile parlamentare, precum \u0219i o serie de normative ale Ministerului Justi\u021biei.<\/p>\n<\/div>\n<p> Source URL: https:\/\/www.digi24.ro\/stiri\/actualitate\/politica\/psd-abandoneaza-pentru-moment-motiunea-de-cenzura-548717<\/p>\n","protected":false},"excerpt":{"rendered":"<p>\u201eAm luat act de declara\u021biile premierului Ciolo\u0219\u201d, a spus Liviu Dragnea, referindu-se la anun\u021bul primului ministru de a reda scutirile de impozite pe cl\u0103diri \u0219i terenuri acordate veteranilor de r\u0103zboi \u0219i v\u0103duvelor lor. \u201eA\u0219tept\u0103m ca vorbele s\u0103 se transforme \u00een fapte\u201d, a spus liderul social-democrat, care a avertizat c\u0103, \u00een cazul \u00een care Guvernul nu-\u0219i [&hellip;]<\/p>\n","protected":false},"author":1,"featured_media":161507,"comment_status":"open","ping_status":"","sticky":false,"template":"","format":"standard","meta":{"footnotes":""},"categories":[2],"tags":[11],"class_list":["post-161506","post","type-post","status-publish","format-standard","has-post-thumbnail","hentry","category-politics","tag-digi24"],"_links":{"self":[{"href":"https:\/\/analyse.optim.biz\/index.php?rest_route=\/wp\/v2\/posts\/161506","targetHints":{"allow":["GET"]}}],"collection":[{"href":"https:\/\/analyse.optim.biz\/index.php?rest_route=\/wp\/v2\/posts"}],"about":[{"href":"https:\/\/analyse.optim.biz\/index.php?rest_route=\/wp\/v2\/types\/post"}],"author":[{"embeddable":true,"href":"https:\/\/analyse.optim.biz\/index.php?rest_route=\/wp\/v2\/users\/1"}],"replies":[{"embeddable":true,"href":"https:\/\/analyse.optim.biz\/index.php?rest_route=%2Fwp%2Fv2%2Fcomments&post=161506"}],"version-history":[{"count":0,"href":"https:\/\/analyse.optim.biz\/index.php?rest_route=\/wp\/v2\/posts\/161506\/revisions"}],"wp:featuredmedia":[{"embeddable":true,"href":"https:\/\/analyse.optim.biz\/index.php?rest_route=\/wp\/v2\/media\/161507"}],"wp:attachment":[{"href":"https:\/\/analyse.optim.biz\/index.php?rest_route=%2Fwp%2Fv2%2Fmedia&parent=161506"}],"wp:term":[{"taxonomy":"category","embeddable":true,"href":"https:\/\/analyse.optim.biz\/index.php?rest_route=%2Fwp%2Fv2%2Fcategories&post=161506"},{"taxonomy":"post_tag","embeddable":true,"href":"https:\/\/analyse.optim.biz\/index.php?rest_route=%2Fwp%2Fv2%2Ftags&post=161506"}],"curies":[{"name":"wp","href":"https:\/\/api.w.org\/{rel}","templated":true}]}}