{"id":161495,"date":"2016-08-11T15:49:35","date_gmt":"2016-08-11T12:49:35","guid":{"rendered":"https:\/\/analyse.optim.biz\/?p=161495"},"modified":"2016-08-11T15:49:35","modified_gmt":"2016-08-11T12:49:35","slug":"tomnita-michaela-florescu-noul-viceprimar-al-capitalei","status":"publish","type":"post","link":"https:\/\/analyse.optim.biz\/?p=161495","title":{"rendered":"Tomni\u021ba Michaela Florescu, noul viceprimar al Capitalei"},"content":{"rendered":"<div class=\"entry data-app-meta data-app-meta-article\" data-embed-base-url-canonical=\"https:\/\/www.digi24.ro\/embed\/stiri\/actualitate\/politica\/tomnita-michaela-florescu-noul-viceprimar-al-capitalei-548764\">\n<p data-index=\"1\"><img decoding=\"async\" src=\"https:\/\/analyse.optim.biz\/wp-content\/uploads\/2024\/09\/pwe3ndg3yznhzwu4zdk3mgnjzwm1owm4mja2ztnlndgz-thumb_.jpg\" data-skip-htmlfix=\"1\" title=\"pwe3ndg3yznhzwu4zdk3mgnjzwm1owm4mja2ztnlndgz-thumb_\"><\/p>\n<p data-index=\"2\">Tomni\u021ba Michaela Florescu a ob\u021binut 28 de voturi &#8220;pentru&#8221; \u0219i niciunul &#8220;\u00eempotriv\u0103&#8221;.\u00a0Consilierii PNL \u0219i cei ai USB au anun\u021bat c\u0103 nu particip\u0103 la vot, scrie Agerpres.<\/p>\n<p data-index=\"3\">Dup\u0103 anun\u021barea rezultatului, Tomni\u021ba Michaela Florescu a spus c\u0103 se simte \u201eonorat\u0103 \u0219i foarte responsabil\u0103\u201d.<\/p>\n<p data-index=\"4\">\u201eAm \u00eens\u0103 o oarecare nel\u0103murire. \u0218i anume, mi s-a cerut un CV, pe care l-am trimis tuturor. Ce s\u0103 \u00een\u021beleg? C\u0103 \u00een clipa \u00een care nu au votat mi-au redus cariera \u0219i via\u021ba profesional\u0103 la zero? Mul\u021bumesc. Nu am \u00een\u021beles de ce nu a\u021bi votat. \u0218i v-o spun cu toat\u0103 amici\u021bia. Eu, \u00een continuare, sper s\u0103 fim o echip\u0103, pentru c\u0103 b\u0103nuiesc c\u0103 to\u021bi avem bune inten\u021bii\u201d, a \u00a0mai spus ea.<\/p>\n<p data-index=\"5\">News.ro precizeaz\u0103 c\u0103 Tomni\u0163a Florescu este consilier general din partea ALDE \u015fi este de profesie architect. Ea este profesor la Universitatea de Arhitectura si Urbanism Ion Mincu, catedra Proiectare de Interior si Design.<\/p>\n<p data-index=\"6\">Tomni\u0163a Florescu are un teren intravilan de 114 metri p\u0103tra\u0163i \u00een Bucure\u015fti, o cas\u0103 \u00een Voluntari \u015fi una \u00een Bucure\u015fti \u015fi de\u0163ine bijuterii de argint \u00een valoare de 25.000 de euro.<\/p>\n<p data-index=\"7\">De asemenea, ea are mai mullte tablouri, 3 fiind de \u015etefan Luchian, acuarele de Jiquidi, gravuri, icoane, mobilier vechi, piese vechi din bronz \u015fi alam\u0103, c\u0103r\u0163i vechi, dob\u00e2ndite \u00een perioada 1970 &#8211; 2015 \u015fi evaluate la 200.000 de euro.<\/p>\n<p data-index=\"8\">Tomni\u0163a Florescu a \u00eencasat, prin firma Tomdesign SRL, la care este asociat unic, 81.840 de lei de la BNR, pentru servicii de proiectare, reamenajare \u015fi consultan\u0163\u0103 de specialitate.<\/p>\n<\/div>\n<p> Source URL: https:\/\/www.digi24.ro\/stiri\/actualitate\/politica\/tomnita-michaela-florescu-noul-viceprimar-al-capitalei-548764<\/p>\n","protected":false},"excerpt":{"rendered":"<p>Tomni\u021ba Michaela Florescu a ob\u021binut 28 de voturi &#8220;pentru&#8221; \u0219i niciunul &#8220;\u00eempotriv\u0103&#8221;.\u00a0Consilierii PNL \u0219i cei ai USB au anun\u021bat c\u0103 nu particip\u0103 la vot, scrie Agerpres. Dup\u0103 anun\u021barea rezultatului, Tomni\u021ba Michaela Florescu a spus c\u0103 se simte \u201eonorat\u0103 \u0219i foarte responsabil\u0103\u201d. \u201eAm \u00eens\u0103 o oarecare nel\u0103murire. \u0218i anume, mi s-a cerut un CV, pe care [&hellip;]<\/p>\n","protected":false},"author":1,"featured_media":161496,"comment_status":"open","ping_status":"","sticky":false,"template":"","format":"standard","meta":{"footnotes":""},"categories":[2],"tags":[11],"class_list":["post-161495","post","type-post","status-publish","format-standard","has-post-thumbnail","hentry","category-politics","tag-digi24"],"_links":{"self":[{"href":"https:\/\/analyse.optim.biz\/index.php?rest_route=\/wp\/v2\/posts\/161495","targetHints":{"allow":["GET"]}}],"collection":[{"href":"https:\/\/analyse.optim.biz\/index.php?rest_route=\/wp\/v2\/posts"}],"about":[{"href":"https:\/\/analyse.optim.biz\/index.php?rest_route=\/wp\/v2\/types\/post"}],"author":[{"embeddable":true,"href":"https:\/\/analyse.optim.biz\/index.php?rest_route=\/wp\/v2\/users\/1"}],"replies":[{"embeddable":true,"href":"https:\/\/analyse.optim.biz\/index.php?rest_route=%2Fwp%2Fv2%2Fcomments&post=161495"}],"version-history":[{"count":0,"href":"https:\/\/analyse.optim.biz\/index.php?rest_route=\/wp\/v2\/posts\/161495\/revisions"}],"wp:featuredmedia":[{"embeddable":true,"href":"https:\/\/analyse.optim.biz\/index.php?rest_route=\/wp\/v2\/media\/161496"}],"wp:attachment":[{"href":"https:\/\/analyse.optim.biz\/index.php?rest_route=%2Fwp%2Fv2%2Fmedia&parent=161495"}],"wp:term":[{"taxonomy":"category","embeddable":true,"href":"https:\/\/analyse.optim.biz\/index.php?rest_route=%2Fwp%2Fv2%2Fcategories&post=161495"},{"taxonomy":"post_tag","embeddable":true,"href":"https:\/\/analyse.optim.biz\/index.php?rest_route=%2Fwp%2Fv2%2Ftags&post=161495"}],"curies":[{"name":"wp","href":"https:\/\/api.w.org\/{rel}","templated":true}]}}