{"id":161456,"date":"2016-08-15T16:28:29","date_gmt":"2016-08-15T13:28:29","guid":{"rendered":"https:\/\/analyse.optim.biz\/?p=161456"},"modified":"2016-08-15T16:28:29","modified_gmt":"2016-08-15T13:28:29","slug":"politicieni-in-conflict-cu-tehnocratii","status":"publish","type":"post","link":"https:\/\/analyse.optim.biz\/?p=161456","title":{"rendered":"Politicieni \u00een conflict cu tehnocra\u021bii"},"content":{"rendered":"<div class=\"entry data-app-meta data-app-meta-article\" data-embed-base-url-canonical=\"https:\/\/www.digi24.ro\/embed\/stiri\/actualitate\/politica\/politicieni-in-conflict-cu-tehnocratii-549933\">\n<p data-index=\"1\">Conflictul Victor Ponta- Raluca Prun\u0103 este piesa cu cele mai multe acte. Ultima evolu\u0163ie: citarea \u00een fa\u0163a judec\u0103torilor.<\/p>\n<p data-index=\"2\">Raluca Prun\u0103, ministrul Justi\u0163iei: \u201eDomnia sa m-a acuzat foarte clar \u00eentr-o postare pe facebook c\u0103 la mine \u00een birou un primar a venit, i-a dat \u0219i numele, a facut trafic de influen\u0163\u0103. De acum \u00eenainte, \u00eel invit pe domnul Ponta s\u0103 probeze tot ceea ce are de spus despre mine \u00een fa\u0163a unui judec\u0103tor independent.\u201d<\/p>\n<p data-index=\"3\">Lideri social-democra\u0163i au cerut de mai multe ori ca Raluca Prun\u0103 s\u0103 fie schimbat\u0103 din func\u0163ie.<\/p>\n<p data-index=\"4\">Liviu Dragnea, pre\u015fedintele PSD: \u201eDoamna Prun\u0103, care a fost votat\u0103 de acest Parlament tiranic, pe care nu vrea s\u0103-l respecte \u015fi vor s\u0103 conduc\u0103 \u0163ara prin Ordonan\u0163\u0103 de Urgen\u0163\u0103. Acum i-o cer public, s\u0103 renun\u0163e la domnul Irimescu \u015fi la doamna Prun\u0103.\u201d<\/p>\n<p data-index=\"5\">Ministrul Agriculturii a fost luat \u015fi el la \u0163int\u0103 de politicieni. Parlamentul a adoptat o mo\u0163iune simpl\u0103 \u00eempotriva lui. \u015ei un vicepremier este \u00een vizorul partidelor.<\/p>\n<p data-index=\"6\">C\u0103lin Popescu T\u0103riceanu, copre\u015fedintele ALDE: \u201eDeclara\u0163iile vicepremierului Borc, care a anun\u0163at public c\u0103 sunt \u00een discu\u0163ii cu trei mari firme de automobile. M-a\u015f fi a\u015fteptat ca, av\u00e2nd \u00een vedere experien\u0163a pe care am dob\u00e2ndit-o, s\u0103 m\u0103 \u00eentrebe dac\u0103 pot s\u0103 \u00eei dau un sfat. Se pare c\u0103 le \u015ftie pe toate \u015fi le face pe toate.\u201d<\/p>\n<p data-index=\"7\">Dup\u0103 ce a propus de \u015fase ori mo\u0163iune de cenzur\u0103, pre\u015fedintele PSD a renun\u0163at deocamdat\u0103 la idee, nu \u015fi la amenin\u0163\u0103ri.<\/p>\n<p data-index=\"8\">Liviu Dragnea, pre\u015fedintele PSD: \u201eAvertiz\u0103m Guvernul c\u0103 celelate motive de nemul\u0163umire, din p\u0103cate, au r\u0103mas \u00een picioare, \u015fi anume: absorb\u0163ia zero la fonduri europene, situa\u0163ia din agricultur\u0103, situa\u0163ia din s\u0103n\u0103tate, situa\u0163ia din educa\u0163ie.\u201d<\/p>\n<p data-index=\"9\">\u015ei de pe partea dreapt\u0103 a politicii apar critici legate de lipsa de randament la atragerea banilor europeni.<\/p>\n<p data-index=\"10\">Traian B\u0103sescu, pre\u015fedintele PMP: \u201eRateaz\u0103 \u00een fiecare zi \u015fi continuu, iar ceea ce noi to\u0163i sim\u0163im \u015fi se vede foarte bine este rateul din absorb\u0163ia fondurilor europene.\u201d<\/p>\n<p data-index=\"11\">Nici \u015feful Internelor nu este mai bine v\u0103zut.<\/p>\n<p data-index=\"12\">Traian B\u0103sescu, pre\u015fedintele PMP: \u201eAsta \u00eel va compromite pe Ciolo\u015f p\u00e2n\u0103 la urma: stai cu plagiatorul Tob\u0103 la dreapta ta, \u00een \u015fedintele de Guvern.\u201d<\/p>\n<p data-index=\"13\">\u00cen cele nou\u0103 luni la Palatul Victoria, premierul tehnocrat a schimbat din func\u0163ie nou\u0103 mini\u015ftri. Dacian Ciolo\u015f a anun\u0163at c\u0103 va renun\u0163a doar la cei de care este el nemul\u0163umit, nu politicienii.<\/p>\n<\/div>\n<p> Source URL: https:\/\/www.digi24.ro\/stiri\/actualitate\/politica\/politicieni-in-conflict-cu-tehnocratii-549933<\/p>\n","protected":false},"excerpt":{"rendered":"<p>Conflictul Victor Ponta- Raluca Prun\u0103 este piesa cu cele mai multe acte. Ultima evolu\u0163ie: citarea \u00een fa\u0163a judec\u0103torilor. Raluca Prun\u0103, ministrul Justi\u0163iei: \u201eDomnia sa m-a acuzat foarte clar \u00eentr-o postare pe facebook c\u0103 la mine \u00een birou un primar a venit, i-a dat \u0219i numele, a facut trafic de influen\u0163\u0103. De acum \u00eenainte, \u00eel invit [&hellip;]<\/p>\n","protected":false},"author":1,"featured_media":161457,"comment_status":"open","ping_status":"","sticky":false,"template":"","format":"standard","meta":{"footnotes":""},"categories":[2],"tags":[11],"class_list":["post-161456","post","type-post","status-publish","format-standard","has-post-thumbnail","hentry","category-politics","tag-digi24"],"_links":{"self":[{"href":"https:\/\/analyse.optim.biz\/index.php?rest_route=\/wp\/v2\/posts\/161456","targetHints":{"allow":["GET"]}}],"collection":[{"href":"https:\/\/analyse.optim.biz\/index.php?rest_route=\/wp\/v2\/posts"}],"about":[{"href":"https:\/\/analyse.optim.biz\/index.php?rest_route=\/wp\/v2\/types\/post"}],"author":[{"embeddable":true,"href":"https:\/\/analyse.optim.biz\/index.php?rest_route=\/wp\/v2\/users\/1"}],"replies":[{"embeddable":true,"href":"https:\/\/analyse.optim.biz\/index.php?rest_route=%2Fwp%2Fv2%2Fcomments&post=161456"}],"version-history":[{"count":0,"href":"https:\/\/analyse.optim.biz\/index.php?rest_route=\/wp\/v2\/posts\/161456\/revisions"}],"wp:featuredmedia":[{"embeddable":true,"href":"https:\/\/analyse.optim.biz\/index.php?rest_route=\/wp\/v2\/media\/161457"}],"wp:attachment":[{"href":"https:\/\/analyse.optim.biz\/index.php?rest_route=%2Fwp%2Fv2%2Fmedia&parent=161456"}],"wp:term":[{"taxonomy":"category","embeddable":true,"href":"https:\/\/analyse.optim.biz\/index.php?rest_route=%2Fwp%2Fv2%2Fcategories&post=161456"},{"taxonomy":"post_tag","embeddable":true,"href":"https:\/\/analyse.optim.biz\/index.php?rest_route=%2Fwp%2Fv2%2Ftags&post=161456"}],"curies":[{"name":"wp","href":"https:\/\/api.w.org\/{rel}","templated":true}]}}