{"id":161434,"date":"2016-08-16T15:58:38","date_gmt":"2016-08-16T12:58:38","guid":{"rendered":"https:\/\/analyse.optim.biz\/?p=161434"},"modified":"2016-08-16T15:58:38","modified_gmt":"2016-08-16T12:58:38","slug":"pnl-finalizeaza-listele-pentru-parlamentare-in-octombrie","status":"publish","type":"post","link":"https:\/\/analyse.optim.biz\/?p=161434","title":{"rendered":"PNL finalizeaz\u0103 listele pentru parlamentare \u00een octombrie"},"content":{"rendered":"<div class=\"entry data-app-meta data-app-meta-article\" data-embed-base-url-canonical=\"https:\/\/www.digi24.ro\/embed\/stiri\/actualitate\/politica\/pnl-finalizeaza-listele-pentru-parlamentare-in-octombrie-550354\">\n<p data-index=\"1\">S\u0103ftoiu a spus c\u0103 nu exist\u0103 \u00een acest moment nume &#8221;b\u0103tute-n cuie&#8221; pe liste, \u00een condi\u0163iile \u00een care, \u00een acest moment, exist\u0103 o dezbatere \u00een partid referitoare la criteriile de desemnare a candida\u021bilor pe locuri eligibile.<\/p>\n<p data-index=\"2\">Liderul organiza\u021biei de Bucure\u0219ti a liberalilor a ar\u0103tat c\u0103 r\u0103m\u00e2ne valabil\u0103 condi\u021bia ca oricare dintre candida\u021bi s\u0103 corespund\u0103 criteriilor de integritate, astfel c\u0103 un politician cu dosar penal sau o condamnare nu va reprezenta PNL \u00een alegeri.<\/p>\n<p data-index=\"3\">\u00centrebat\u0103 dac\u0103 ea, \u00een calitate de membru \u00een conducerea PNL Bucure\u0219ti, va candida pe listele acestei circumscrip\u021bii, Adriana S\u0103ftoiu a precizat c\u0103 nu s-a hot\u0103r\u00e2t \u00eenc\u0103.<\/p>\n<p data-index=\"4\">De asemenea, ea a spus c\u0103 PNL sus\u021bine candidatura sau intrarea \u00een partid a actualului premier Dacian Ciolo\u0219, \u00eens\u0103 decizia \u0219i clarificarea inten\u021biei \u00eei apar\u021bin prim-ministrului. De asemenea, S\u0103ftoiu a mai spus c\u0103 \u0219i al\u021bi mini\u0219tri ai Cabinetului Ciolo\u0219 ar fi bineveni\u021bi pe listele liberalilor, numindu-i \u00een aceast\u0103 categorie pe vicepremierul Costin Borc, pe ministrul s\u0103n\u0103t\u0103\u021bii, Vlad Voiculescu \u0219i pe cel al fondurilor europene, Cristian Ghinea.<\/p>\n<\/div>\n<p> Source URL: https:\/\/www.digi24.ro\/stiri\/actualitate\/politica\/pnl-finalizeaza-listele-pentru-parlamentare-in-octombrie-550354<\/p>\n","protected":false},"excerpt":{"rendered":"<p>S\u0103ftoiu a spus c\u0103 nu exist\u0103 \u00een acest moment nume &#8221;b\u0103tute-n cuie&#8221; pe liste, \u00een condi\u0163iile \u00een care, \u00een acest moment, exist\u0103 o dezbatere \u00een partid referitoare la criteriile de desemnare a candida\u021bilor pe locuri eligibile. Liderul organiza\u021biei de Bucure\u0219ti a liberalilor a ar\u0103tat c\u0103 r\u0103m\u00e2ne valabil\u0103 condi\u021bia ca oricare dintre candida\u021bi s\u0103 corespund\u0103 criteriilor [&hellip;]<\/p>\n","protected":false},"author":1,"featured_media":161435,"comment_status":"open","ping_status":"","sticky":false,"template":"","format":"standard","meta":{"footnotes":""},"categories":[2],"tags":[11],"class_list":["post-161434","post","type-post","status-publish","format-standard","has-post-thumbnail","hentry","category-politics","tag-digi24"],"_links":{"self":[{"href":"https:\/\/analyse.optim.biz\/index.php?rest_route=\/wp\/v2\/posts\/161434","targetHints":{"allow":["GET"]}}],"collection":[{"href":"https:\/\/analyse.optim.biz\/index.php?rest_route=\/wp\/v2\/posts"}],"about":[{"href":"https:\/\/analyse.optim.biz\/index.php?rest_route=\/wp\/v2\/types\/post"}],"author":[{"embeddable":true,"href":"https:\/\/analyse.optim.biz\/index.php?rest_route=\/wp\/v2\/users\/1"}],"replies":[{"embeddable":true,"href":"https:\/\/analyse.optim.biz\/index.php?rest_route=%2Fwp%2Fv2%2Fcomments&post=161434"}],"version-history":[{"count":0,"href":"https:\/\/analyse.optim.biz\/index.php?rest_route=\/wp\/v2\/posts\/161434\/revisions"}],"wp:featuredmedia":[{"embeddable":true,"href":"https:\/\/analyse.optim.biz\/index.php?rest_route=\/wp\/v2\/media\/161435"}],"wp:attachment":[{"href":"https:\/\/analyse.optim.biz\/index.php?rest_route=%2Fwp%2Fv2%2Fmedia&parent=161434"}],"wp:term":[{"taxonomy":"category","embeddable":true,"href":"https:\/\/analyse.optim.biz\/index.php?rest_route=%2Fwp%2Fv2%2Fcategories&post=161434"},{"taxonomy":"post_tag","embeddable":true,"href":"https:\/\/analyse.optim.biz\/index.php?rest_route=%2Fwp%2Fv2%2Ftags&post=161434"}],"curies":[{"name":"wp","href":"https:\/\/api.w.org\/{rel}","templated":true}]}}