{"id":161406,"date":"2016-08-17T11:05:03","date_gmt":"2016-08-17T08:05:03","guid":{"rendered":"https:\/\/analyse.optim.biz\/?p=161406"},"modified":"2016-08-17T11:05:03","modified_gmt":"2016-08-17T08:05:03","slug":"basescu-nu-cred-ca-pe-teritoriul-romaniei-trebuie-sa-fie-si-arsenal-nuclear","status":"publish","type":"post","link":"https:\/\/analyse.optim.biz\/?p=161406","title":{"rendered":"B\u0103sescu: Nu cred c\u0103 pe teritoriul Rom\u00e2niei trebuie s\u0103 fie \u015fi arsenal nuclear"},"content":{"rendered":"<div class=\"entry data-app-meta data-app-meta-article\" data-embed-base-url-canonical=\"https:\/\/www.digi24.ro\/embed\/stiri\/actualitate\/basescu-nu-cred-ca-pe-teritoriul-romaniei-trebuie-sa-fie-si-arsenal-nuclear-550611\">\n<p data-index=\"1\">Traian B\u0103sescu a afirmat, mar\u0163i, la Izvoru Mure\u015fului, r\u0103spunz\u00e2nd unei \u00eentreb\u0103ri privind informa\u0163ii despre o posibil\u0103 inten\u0163ie a SUA de a-\u015fi muta arsenalul nuclear de la baza aerian\u0103 de la Incirlik, c\u0103 Rom\u00e2nia nu trebuie s\u0103 devin\u0103 un teritoriu pe care s\u0103 fie \u015fi un arsenal nuclear.<\/p>\n<p data-index=\"2\"><img loading=\"lazy\" decoding=\"async\" class=\"alignnone size-full wp-image-550362\" src=\"https:\/\/analyse.optim.biz\/wp-content\/uploads\/2024\/09\/agfzad03zgu1ndgxzjgzymyymtjinjfiowe4zgrmotzhzmi4yw-thumb_.jpg\" alt=\"traian basescu PG 01 INQ Octav Ganea 1\" width=\"800\" height=\"533\" data-skip-htmlfix=\"1\" title=\"agfzad03zgu1ndgxzjgzymyymtjinjfiowe4zgrmotzhzmi4yw-thumb_\"><\/p>\n<p data-index=\"3\">&#8220;\u00cen ceea ce m\u0103 prive\u015fte, cred c\u0103 Rom\u00e2nia a f\u0103cut suficient pentru alian\u0163a NATO \u015fi pentru rela\u0163ia bilateral\u0103 bazat\u0103 pe Parteneriatul Strategic pentru secolul XXI cu Statele Unite, g\u0103zduind scutul antirachet\u0103 de la Deveselu. Nu cred c\u0103 teritoriul Rom\u00e2niei trebuie s\u0103 devin\u0103 un teritoriu pe care s\u0103 fie \u015fi un arsenal nuclear. Este suficient c\u0103 avem rachetele scutului antirachet\u0103. Nu cred \u00een primul r\u00e2nd c\u0103 acest lucru ar spori relevan\u0163a noastr\u0103 din punct de vedere al importan\u0163ei \u00een interiorul NATO, at\u00e2ta timp c\u00e2t relevan\u0163a ne este garantat\u0103 de existen\u0163a scutului antirachet\u0103\u201d, a spus fostul pre\u015fedinte Traian B\u0103sescu, potrivit news.ro.<\/p>\n<p data-index=\"4\">Pre\u015fedintele Partidului Mi\u015fcarea Popular\u0103 (PMP) consider\u0103 c\u0103 Statele Unite ale Amercii \u015fi Turcia vor g\u0103si formula s\u0103 men\u0163in\u0103 la Incirlik facilit\u0103\u0163ile nucleare care exist\u0103 \u00een momentul de fa\u0163\u0103, \u015fi nu crede c\u0103 &#8220;Turcia va ajunge s\u0103 se \u00eembr\u0103\u0163i\u015feze cu Rusia\u201d.<\/p>\n<p data-index=\"5\">&#8220;Este doar o manevr\u0103 tactic\u0103, dup\u0103 p\u0103rerea mea, a lui Erdogan. \u00centr-un moment \u00een care toat\u0103 lumea \u00eei cerea s\u0103 respecte drepturile omului, s-a dus \u015fi el \u00een bra\u0163ele unuia care nu \u00eei cerea a\u015fa ceva. Putin e mai generos cu aceste exigen\u0163e, \u00eens\u0103 interesele Turciei sunt ombilical legate de Occident. Turcia nu s-a dezvoltat cu bani din Federa\u0163ia Rus\u0103 \u015fi dezvoltarea Turciei, at\u00e2t militar, prin transfer de tehnologie american\u0103, c\u00e2t \u015fi economic\u0103, s-a f\u0103cut \u00een rela\u0163ie cu Occidentul. Cred c\u0103 este doar o sup\u0103rare de moment, o enervare a pre\u015fedintelui Erdogan, care o s\u0103-i treac\u0103 \u015fi c\u00e2nd va realiza cel mai bine care sunt plusurile \u015fi minusurile va constata c\u0103 rela\u0163ia cu Occidentul r\u0103m\u00e2ne solu\u0163ia temeinic\u0103 pentru un popor de 80 de milioane, o \u0163ar\u0103 de 75 la 85 de milioane de locuitori\u201d, a explicat Traian B\u0103sescu.<\/p>\n<p data-index=\"6\">B\u0103sescu nu crede \u00eentr-o &#8220;\u00eembr\u0103\u0163i\u015fare definitiv\u0103 \u00eentre Ankara \u015fi Moscova\u201d, pe de o parte pentru c\u0103 abord\u0103rile lui Putin \u015fi Erdogan legate de r\u0103zboiul din Siria sunt diferite, iar pe de alt\u0103 parte pentru c\u0103 securitatea Turciei este garantat\u0103 de alian\u0163ele occidentale. \u00a0<\/p>\n<\/div>\n<p> Source URL: https:\/\/www.digi24.ro\/stiri\/actualitate\/basescu-nu-cred-ca-pe-teritoriul-romaniei-trebuie-sa-fie-si-arsenal-nuclear-550611<\/p>\n","protected":false},"excerpt":{"rendered":"<p>Traian B\u0103sescu a afirmat, mar\u0163i, la Izvoru Mure\u015fului, r\u0103spunz\u00e2nd unei \u00eentreb\u0103ri privind informa\u0163ii despre o posibil\u0103 inten\u0163ie a SUA de a-\u015fi muta arsenalul nuclear de la baza aerian\u0103 de la Incirlik, c\u0103 Rom\u00e2nia nu trebuie s\u0103 devin\u0103 un teritoriu pe care s\u0103 fie \u015fi un arsenal nuclear. &#8220;\u00cen ceea ce m\u0103 prive\u015fte, cred c\u0103 Rom\u00e2nia [&hellip;]<\/p>\n","protected":false},"author":1,"featured_media":161407,"comment_status":"open","ping_status":"","sticky":false,"template":"","format":"standard","meta":{"footnotes":""},"categories":[2],"tags":[11],"class_list":["post-161406","post","type-post","status-publish","format-standard","has-post-thumbnail","hentry","category-politics","tag-digi24"],"_links":{"self":[{"href":"https:\/\/analyse.optim.biz\/index.php?rest_route=\/wp\/v2\/posts\/161406","targetHints":{"allow":["GET"]}}],"collection":[{"href":"https:\/\/analyse.optim.biz\/index.php?rest_route=\/wp\/v2\/posts"}],"about":[{"href":"https:\/\/analyse.optim.biz\/index.php?rest_route=\/wp\/v2\/types\/post"}],"author":[{"embeddable":true,"href":"https:\/\/analyse.optim.biz\/index.php?rest_route=\/wp\/v2\/users\/1"}],"replies":[{"embeddable":true,"href":"https:\/\/analyse.optim.biz\/index.php?rest_route=%2Fwp%2Fv2%2Fcomments&post=161406"}],"version-history":[{"count":0,"href":"https:\/\/analyse.optim.biz\/index.php?rest_route=\/wp\/v2\/posts\/161406\/revisions"}],"wp:featuredmedia":[{"embeddable":true,"href":"https:\/\/analyse.optim.biz\/index.php?rest_route=\/wp\/v2\/media\/161407"}],"wp:attachment":[{"href":"https:\/\/analyse.optim.biz\/index.php?rest_route=%2Fwp%2Fv2%2Fmedia&parent=161406"}],"wp:term":[{"taxonomy":"category","embeddable":true,"href":"https:\/\/analyse.optim.biz\/index.php?rest_route=%2Fwp%2Fv2%2Fcategories&post=161406"},{"taxonomy":"post_tag","embeddable":true,"href":"https:\/\/analyse.optim.biz\/index.php?rest_route=%2Fwp%2Fv2%2Ftags&post=161406"}],"curies":[{"name":"wp","href":"https:\/\/api.w.org\/{rel}","templated":true}]}}