{"id":161403,"date":"2016-08-17T13:11:57","date_gmt":"2016-08-17T10:11:57","guid":{"rendered":"https:\/\/analyse.optim.biz\/?p=161403"},"modified":"2016-08-17T13:11:57","modified_gmt":"2016-08-17T10:11:57","slug":"klaus-iohannis-i-a-concediat-pe-sefii-politiei-din-cluj-si-harghita","status":"publish","type":"post","link":"https:\/\/analyse.optim.biz\/?p=161403","title":{"rendered":"Klaus Iohannis i-a concediat pe \u0219efii Poli\u021biei din Cluj \u0219i Harghita"},"content":{"rendered":"<div class=\"entry data-app-meta data-app-meta-article\" data-embed-base-url-canonical=\"https:\/\/www.digi24.ro\/embed\/stiri\/actualitate\/politica\/klaus-iohannis-i-a-concediat-pe-sefii-politiei-din-cluj-si-harghita-550668\">\n<p data-index=\"1\">Pre\u0219edintele Klaus Iohannis a semnat, miercuri, decretele de \u00eencetare a raporturilor de serviciu a \u0219efului Poli\u021biei din Cluj, Tudor Grindean, \u0219i a lui Moldovan Radu-Sandu, \u0219eful IPJ Harghita, acuzat de IICMER c\u0103 a fost tor\u021bionar \u00een perioada comunist\u0103.<\/p>\n<p data-index=\"2\"><img loading=\"lazy\" decoding=\"async\" class=\"alignnone size-full wp-image-525815\" src=\"https:\/\/analyse.optim.biz\/wp-content\/uploads\/2024\/09\/agfzad00mta2mtm5ndvmodu3ymiznzc2nmvhnzy2oddiowiwmg-thumb_.jpg\" alt=\"klaus iohannis mesaj de ziua nationala a romaniei 01 12 2015 presidency\" width=\"800\" height=\"533\" data-skip-htmlfix=\"1\" title=\"agfzad00mta2mtm5ndvmodu3ymiznzc2nmvhnzy2oddiowiwmg-thumb_\"><\/p>\n<p data-index=\"3\">Tudor Grindean, \u0219eful IPJ Cluj, chestor de Poli\u021bie, p\u0103r\u0103se\u0219te func\u021bia dup\u0103 ce \u00een ultimul an au avut loc mai multe evad\u0103ri ale unor de\u021binu\u021bi. El fusese numit \u00een func\u021bie \u00een 2013, pe vremea ministeriatului lui Mircea Du\u0219a (PSD). Tot \u00een aceea\u0219i perioad\u0103 a fost numit \u0219ef al IPJ Harghita Moldovan Radu-Sandu, chestor de pol\u0219i\u021bie, care fusese acuzat de IICMER de fapte de tortur\u0103. Practic, Parchetul a fost sesizat de IICMER pentru c\u0103, \u00een anii 80, b\u0103tea \u0219i maltrata adolescen\u021bii cu p\u0103r lung sau cu inele care mergeau la cinema, la concerte sau la discotec\u0103. Presa a relatat \u0219i faptul c\u0103 Moldovan ar fi un apropiat al fostului ministru Mircea Du\u0219a, al\u0103turi de care ar avea leg\u0103turi cu mafia lemnului \u00een jude\u021bul Harghita.<\/p>\n<p data-index=\"4\">Tot miercuri, pre\u0219edintele Iohannis l-a trecut \u00een rezerv\u0103 \u0219i pe S\u0103lan Viorel, care venise la \u00eenceputul anului adjunct al \u0219efului Jandarmeriei, dup\u0103 ce petrecuse 22 de ani la Jandarmeria din Hunerdoara.<\/p>\n<div id=\"zc_site_640x160_adtext\" class=\"zc_640x160_adtext zc_640x160_adtext_empty zc_empty zc_site_640x160_adtext_empty \">De asemenea, \u0219eful statului a mai semnat decretele de pensionare \u0219i pentru trei magistra\u021bi \u2013 Viorel Marin, judec\u0103tor la Curtea de Apel din Ploie\u0219ti, Irina T\u0103nase, de la Curtea de Apel din Pite\u0219ti, \u0219i a lui Simion Rusu, de la Judec\u0103toria Dej.<\/div>\n<\/div>\n<p> Source URL: https:\/\/www.digi24.ro\/stiri\/actualitate\/politica\/klaus-iohannis-i-a-concediat-pe-sefii-politiei-din-cluj-si-harghita-550668<\/p>\n","protected":false},"excerpt":{"rendered":"<p>Pre\u0219edintele Klaus Iohannis a semnat, miercuri, decretele de \u00eencetare a raporturilor de serviciu a \u0219efului Poli\u021biei din Cluj, Tudor Grindean, \u0219i a lui Moldovan Radu-Sandu, \u0219eful IPJ Harghita, acuzat de IICMER c\u0103 a fost tor\u021bionar \u00een perioada comunist\u0103. Tudor Grindean, \u0219eful IPJ Cluj, chestor de Poli\u021bie, p\u0103r\u0103se\u0219te func\u021bia dup\u0103 ce \u00een ultimul an au avut [&hellip;]<\/p>\n","protected":false},"author":1,"featured_media":161404,"comment_status":"open","ping_status":"","sticky":false,"template":"","format":"standard","meta":{"footnotes":""},"categories":[2],"tags":[11],"class_list":["post-161403","post","type-post","status-publish","format-standard","has-post-thumbnail","hentry","category-politics","tag-digi24"],"_links":{"self":[{"href":"https:\/\/analyse.optim.biz\/index.php?rest_route=\/wp\/v2\/posts\/161403","targetHints":{"allow":["GET"]}}],"collection":[{"href":"https:\/\/analyse.optim.biz\/index.php?rest_route=\/wp\/v2\/posts"}],"about":[{"href":"https:\/\/analyse.optim.biz\/index.php?rest_route=\/wp\/v2\/types\/post"}],"author":[{"embeddable":true,"href":"https:\/\/analyse.optim.biz\/index.php?rest_route=\/wp\/v2\/users\/1"}],"replies":[{"embeddable":true,"href":"https:\/\/analyse.optim.biz\/index.php?rest_route=%2Fwp%2Fv2%2Fcomments&post=161403"}],"version-history":[{"count":0,"href":"https:\/\/analyse.optim.biz\/index.php?rest_route=\/wp\/v2\/posts\/161403\/revisions"}],"wp:featuredmedia":[{"embeddable":true,"href":"https:\/\/analyse.optim.biz\/index.php?rest_route=\/wp\/v2\/media\/161404"}],"wp:attachment":[{"href":"https:\/\/analyse.optim.biz\/index.php?rest_route=%2Fwp%2Fv2%2Fmedia&parent=161403"}],"wp:term":[{"taxonomy":"category","embeddable":true,"href":"https:\/\/analyse.optim.biz\/index.php?rest_route=%2Fwp%2Fv2%2Fcategories&post=161403"},{"taxonomy":"post_tag","embeddable":true,"href":"https:\/\/analyse.optim.biz\/index.php?rest_route=%2Fwp%2Fv2%2Ftags&post=161403"}],"curies":[{"name":"wp","href":"https:\/\/api.w.org\/{rel}","templated":true}]}}