{"id":161378,"date":"2016-08-17T16:50:39","date_gmt":"2016-08-17T13:50:39","guid":{"rendered":"https:\/\/analyse.optim.biz\/?p=161378"},"modified":"2016-08-17T16:50:39","modified_gmt":"2016-08-17T13:50:39","slug":"iohannis-a-plecat-in-concediu-in-germania-unde-locuiesc-parintii","status":"publish","type":"post","link":"https:\/\/analyse.optim.biz\/?p=161378","title":{"rendered":"Iohannis a plecat \u00een concediu \u00een Germania, unde locuiesc p\u0103rin\u021bii"},"content":{"rendered":"<div class=\"entry data-app-meta data-app-meta-article\" data-embed-base-url-canonical=\"https:\/\/www.digi24.ro\/embed\/stiri\/actualitate\/iohannis-a-plecat-in-concediu-in-germania-unde-locuiesc-parintii-550805\">\n<p data-index=\"1\">Pre\u015fedintele Klaus Iohannis se afl\u0103, p\u00e2n\u0103 joia viitoare, \u00een Germania, \u00eentr-o &#8220;deplasare privat\u0103&#8221;, potrivit Administra\u0163iei Preziden\u0163iale, care precizeaz\u0103 c\u0103 \u015feful statului a plecat din Rom\u00e2nia \u00een cursul zilei de miercuri cu o curs\u0103 de linie.<\/p>\n<p data-index=\"2\"><img loading=\"lazy\" decoding=\"async\" class=\"alignnone size-full wp-image-546259\" src=\"https:\/\/analyse.optim.biz\/wp-content\/uploads\/2024\/09\/agfzad02yjawoduxmjdimwrjnjhjmjc0n2mzothknthjotjjnw-thumb_.jpg\" alt=\"klaus iohannis la balea lac\" width=\"800\" height=\"600\" data-skip-htmlfix=\"1\" title=\"agfzad02yjawoduxmjdimwrjnjhjmjc0n2mzothknthjotjjnw-thumb_\"><\/p>\n<p data-index=\"3\">&#8220;Pre\u015fedintele Rom\u00e2niei, domnul Klaus Iohannis, efectueaz\u0103, \u00een perioada 17 \u2013 25 august a.c., o deplasare privat\u0103 \u015fi a plecat \u00een cursul zilei de ast\u0103zi, din Bucure\u015fti, cu o curs\u0103 de linie, \u00een Republica Federal\u0103 Germania&#8221;, potrivit Pre\u015fedin\u0163iei, care nu face alte preciz\u0103ri, potrivit news.ro.<\/p>\n<p data-index=\"4\">P\u0103rin\u0163ii pre\u015fedintelui Klaus Iohannis locuiesc \u00een Germania.<\/p>\n<div id=\"zc_site_640x160_adtext\" class=\"zc_640x160_adtext zc_640x160_adtext_empty zc_empty zc_site_640x160_adtext_empty \">Potrivit reprezentan\u0163ilor Administra\u0163iei Preziden\u0163iale, pre\u015fedintele nu are concediu \u015fi \u00ee\u015fi exercit\u0103 mandatul oriunde s-ar afla.<\/div>\n<p data-index=\"5\">\u00cen 2015, Iohannis s-a aflat \u00een timpul verii la vila de protocol de la Neptun timp de aproximativ dou\u0103 s\u0103pt\u0103m\u00e2ni. Tot \u00een 2015, Iohannis s-a aflat \u00eentr-o vizit\u0103 privat\u0103 \u00een Portugalia, \u00een insulele Madeira, de Pa\u015fte, timp de aproape o s\u0103pt\u0103m\u00e2n\u0103. De asemenea, \u0219eful statului a petrecut \u00een c\u00e2teva r\u00e2nduri concedii de iarn\u0103 \u00een Statele Unite, \u00een Florida.<\/p>\n<p data-index=\"6\">\u00a0<\/p>\n<\/div>\n<p> Source URL: https:\/\/www.digi24.ro\/stiri\/actualitate\/iohannis-a-plecat-in-concediu-in-germania-unde-locuiesc-parintii-550805<\/p>\n","protected":false},"excerpt":{"rendered":"<p>Pre\u015fedintele Klaus Iohannis se afl\u0103, p\u00e2n\u0103 joia viitoare, \u00een Germania, \u00eentr-o &#8220;deplasare privat\u0103&#8221;, potrivit Administra\u0163iei Preziden\u0163iale, care precizeaz\u0103 c\u0103 \u015feful statului a plecat din Rom\u00e2nia \u00een cursul zilei de miercuri cu o curs\u0103 de linie. &#8220;Pre\u015fedintele Rom\u00e2niei, domnul Klaus Iohannis, efectueaz\u0103, \u00een perioada 17 \u2013 25 august a.c., o deplasare privat\u0103 \u015fi a plecat \u00een [&hellip;]<\/p>\n","protected":false},"author":1,"featured_media":161379,"comment_status":"open","ping_status":"","sticky":false,"template":"","format":"standard","meta":{"footnotes":""},"categories":[2],"tags":[11],"class_list":["post-161378","post","type-post","status-publish","format-standard","has-post-thumbnail","hentry","category-politics","tag-digi24"],"_links":{"self":[{"href":"https:\/\/analyse.optim.biz\/index.php?rest_route=\/wp\/v2\/posts\/161378","targetHints":{"allow":["GET"]}}],"collection":[{"href":"https:\/\/analyse.optim.biz\/index.php?rest_route=\/wp\/v2\/posts"}],"about":[{"href":"https:\/\/analyse.optim.biz\/index.php?rest_route=\/wp\/v2\/types\/post"}],"author":[{"embeddable":true,"href":"https:\/\/analyse.optim.biz\/index.php?rest_route=\/wp\/v2\/users\/1"}],"replies":[{"embeddable":true,"href":"https:\/\/analyse.optim.biz\/index.php?rest_route=%2Fwp%2Fv2%2Fcomments&post=161378"}],"version-history":[{"count":0,"href":"https:\/\/analyse.optim.biz\/index.php?rest_route=\/wp\/v2\/posts\/161378\/revisions"}],"wp:featuredmedia":[{"embeddable":true,"href":"https:\/\/analyse.optim.biz\/index.php?rest_route=\/wp\/v2\/media\/161379"}],"wp:attachment":[{"href":"https:\/\/analyse.optim.biz\/index.php?rest_route=%2Fwp%2Fv2%2Fmedia&parent=161378"}],"wp:term":[{"taxonomy":"category","embeddable":true,"href":"https:\/\/analyse.optim.biz\/index.php?rest_route=%2Fwp%2Fv2%2Fcategories&post=161378"},{"taxonomy":"post_tag","embeddable":true,"href":"https:\/\/analyse.optim.biz\/index.php?rest_route=%2Fwp%2Fv2%2Ftags&post=161378"}],"curies":[{"name":"wp","href":"https:\/\/api.w.org\/{rel}","templated":true}]}}