{"id":161375,"date":"2016-08-17T17:00:07","date_gmt":"2016-08-17T14:00:07","guid":{"rendered":"https:\/\/analyse.optim.biz\/?p=161375"},"modified":"2016-08-17T17:00:07","modified_gmt":"2016-08-17T14:00:07","slug":"guvernul-reclasifica-localitatile-printr-o-lege-care-schimba-impozitele-pe-locuinte-si-categoriile-de-spitale","status":"publish","type":"post","link":"https:\/\/analyse.optim.biz\/?p=161375","title":{"rendered":"Guvernul reclasific\u0103 localit\u0103\u021bile printr-o lege care schimb\u0103 impozitele pe locuin\u021be \u0219i categoriile de spitale"},"content":{"rendered":"<div class=\"entry data-app-meta data-app-meta-article\" data-embed-base-url-canonical=\"https:\/\/www.digi24.ro\/embed\/stiri\/actualitate\/guvernul-reclasifica-localitatile-printr-o-lege-care-schimba-impozitele-pe-locuinte-si-categoriile-de-spitale-550807\">\n<p data-index=\"1\">Ora\u0219ele vor fi reclasificate \u00een \u0219apte categorii \u00een func\u021bie de statutul\u00a0<span>administrativ, pozi\u021bia geografic\u0103, nivelul de dotare, valen\u021bele de natur\u0103 cultural\u0103 \u0219i ecologic\u0103, iar comunele vor fi \u00eencadrate \u00een dou\u0103 categorii, ceea ce va impune \u0219i modificarea grilei de calcul al impozitului pe locuin\u021b\u0103 sau categoriile de spitale pe care le pot avea localit\u0103\u021bile, ca \u0219i volumul de investi\u021bii.<\/span><img loading=\"lazy\" decoding=\"async\" class=\"alignnone size-full wp-image-502510\" src=\"https:\/\/analyse.optim.biz\/wp-content\/uploads\/2024\/09\/agfzad03ntfkm2vinzlhzwiynzcxzmvkn2i5yjywmgnlngrknw-thumb_.jpg\" alt=\"bucuresti oras de sus\" width=\"800\" height=\"387\" data-skip-htmlfix=\"1\" title=\"agfzad03ntfkm2vinzlhzwiynzcxzmvkn2i5yjywmgnlngrknw-thumb_\">Potrivit <a href=\"https:\/\/www.digi24.ro\/stiri\/actualitate\/guvernul-reclasifica-localitatile-printr-o-lege-care-schimba-impozitele-pe-locuinte-si-categoriile-de-spitale-550807\" target=\"_blank\" data-skip-linkfix=\"1\" rel=\"noopener\">Profit.ro<\/a>, Guvernul va modifica, dup\u0103 25 de ani, clasificarea ora\u0219elor \u0219i municipiilor, \u00een func\u021bie de num\u0103rul de locuitori, de acces la aeroporturi \u0219i drumuri expres sau autostr\u0103zi, astfel c\u0103 \u00een multe cazuri se vor alipi \u00een componen\u021ba ora\u0219elor \u0219i localit\u0103\u021bi apropiate mai mici. De pild\u0103, sta\u021biunea Mamaia va fi inclus\u0103, al\u0103turi de Palazu Mare, \u00een ora\u0219ul Constan\u021ba.<\/p>\n<p data-index=\"2\">Localit\u0103\u021bile urbane vor fi reclasificate \u00een: municipiu capital\u0103, de importan\u021b\u0103 na\u021bional\u0103; municipii poli regionali principali (sedii de institu\u021bii de interes na\u021bional, centre universitare recunoscute, av\u00e2nd o popula\u021bie peste 250.000 \u0219i peste 400.000 locuitori \u00een aria func\u021bional\u0103); municipii poli regionali secundari (re\u0219edin\u021be de jude\u021b, cu importan\u021b\u0103 regional\u0103, sedii de institu\u021bii de interes jude\u021bean \u0219i suprajude\u021bean, centre culturale \u0219i\/sau universitare importante, cu o popula\u021bie de peste 100.000 locuitori \u0219i peste 300.000 \u00een aria func\u021bional\u0103); municipii poli jude\u021beni principali (re\u0219edin\u021be de jude\u021b, sedii ale administra\u021biilor jude\u021bene, cu o popula\u021bie de peste 40.000 locuitori \u0219i peste 200.000 \u00een aria func\u021bional\u0103); municipii \u0219i ora\u0219e poli jude\u021beni secundari (unit\u0103\u021bile administrativ teritoriale, urbane, cu rol de echilibru la nivelul jude\u021belor, av\u00e2nd popula\u021bie peste 20.000 \u0219i peste 50.000 \u00een aria func\u021bional\u0103); municipii \u0219i ora\u0219e centre urbane cu rol zonal (unit\u0103\u021bile administrativ teritoriale, urbane, cu rol de servire teritorial la nivel sub-jude\u021bean, de anvergur\u0103 mai mic\u0103 dec\u00e2t polii jude\u021beni\u00a0secundari, av\u00e2nd o popula\u021bie peste 5000 locuitori \u0219i peste 20.000 \u00een aria func\u021bional\u0103); municipii \u0219i ora\u0219e centre urbane cu func\u021bii specializate (unit\u0103\u021bile administrativ-teritoriale, urbane, caracterizate printr-un specific economic turistic, de transport, industrial, energetic, reziden\u021bial etc., iar m\u0103rimea popula\u021biei nu este determinant\u0103).<\/p>\n<p data-index=\"3\">La r\u00e2ndul lor, localit\u0103\u021bile rurale vor fi comune poli rurali (comune cu func\u021bie de loc central, av\u00e2nd o popula\u021bie de minimum 2.000 locuitori, pozi\u021bie geografic\u0103 favorabil\u0103 \u0219i poten\u021bial de dezvoltare socio-economic\u0103) \u0219i alte comune. Satele componente sau apar\u021bin\u0103toare \u00ee\u0219i p\u0103streaz\u0103 caracterul rural \u0219i apar\u021bin re\u021belei de localit\u0103\u021bi rurale.<\/p>\n<p data-index=\"4\">\u00cen func\u021bie de dot\u0103rile comunelor, de propor\u021bia de salaria\u021bi, de canalizare sau de existen\u021ba toaletelor \u00een interiorul sau inafara casei, cele \u00een care condi\u021biile sunt mai precare vor fi unite, \u00een cazul \u00een care nu se remediaz\u0103 p\u00e2n\u0103 \u00een 2025.<\/p>\n<p data-index=\"5\">Noile clasific\u0103ri vor putea fi utilizate pentru direc\u021bionarea anumitor tipuri de investi\u021bii\u00a0spre localit\u0103\u021bi \/ arii cu probleme de dezvoltare.\u00a0<\/p>\n<\/div>\n<p> Source URL: https:\/\/www.digi24.ro\/stiri\/actualitate\/guvernul-reclasifica-localitatile-printr-o-lege-care-schimba-impozitele-pe-locuinte-si-categoriile-de-spitale-550807<\/p>\n","protected":false},"excerpt":{"rendered":"<p>Ora\u0219ele vor fi reclasificate \u00een \u0219apte categorii \u00een func\u021bie de statutul\u00a0administrativ, pozi\u021bia geografic\u0103, nivelul de dotare, valen\u021bele de natur\u0103 cultural\u0103 \u0219i ecologic\u0103, iar comunele vor fi \u00eencadrate \u00een dou\u0103 categorii, ceea ce va impune \u0219i modificarea grilei de calcul al impozitului pe locuin\u021b\u0103 sau categoriile de spitale pe care le pot avea localit\u0103\u021bile, ca \u0219i [&hellip;]<\/p>\n","protected":false},"author":1,"featured_media":161376,"comment_status":"open","ping_status":"","sticky":false,"template":"","format":"standard","meta":{"footnotes":""},"categories":[2],"tags":[11],"class_list":["post-161375","post","type-post","status-publish","format-standard","has-post-thumbnail","hentry","category-politics","tag-digi24"],"_links":{"self":[{"href":"https:\/\/analyse.optim.biz\/index.php?rest_route=\/wp\/v2\/posts\/161375","targetHints":{"allow":["GET"]}}],"collection":[{"href":"https:\/\/analyse.optim.biz\/index.php?rest_route=\/wp\/v2\/posts"}],"about":[{"href":"https:\/\/analyse.optim.biz\/index.php?rest_route=\/wp\/v2\/types\/post"}],"author":[{"embeddable":true,"href":"https:\/\/analyse.optim.biz\/index.php?rest_route=\/wp\/v2\/users\/1"}],"replies":[{"embeddable":true,"href":"https:\/\/analyse.optim.biz\/index.php?rest_route=%2Fwp%2Fv2%2Fcomments&post=161375"}],"version-history":[{"count":0,"href":"https:\/\/analyse.optim.biz\/index.php?rest_route=\/wp\/v2\/posts\/161375\/revisions"}],"wp:featuredmedia":[{"embeddable":true,"href":"https:\/\/analyse.optim.biz\/index.php?rest_route=\/wp\/v2\/media\/161376"}],"wp:attachment":[{"href":"https:\/\/analyse.optim.biz\/index.php?rest_route=%2Fwp%2Fv2%2Fmedia&parent=161375"}],"wp:term":[{"taxonomy":"category","embeddable":true,"href":"https:\/\/analyse.optim.biz\/index.php?rest_route=%2Fwp%2Fv2%2Fcategories&post=161375"},{"taxonomy":"post_tag","embeddable":true,"href":"https:\/\/analyse.optim.biz\/index.php?rest_route=%2Fwp%2Fv2%2Ftags&post=161375"}],"curies":[{"name":"wp","href":"https:\/\/api.w.org\/{rel}","templated":true}]}}