{"id":161363,"date":"2016-08-18T14:33:57","date_gmt":"2016-08-18T11:33:57","guid":{"rendered":"https:\/\/analyse.optim.biz\/?p=161363"},"modified":"2016-08-18T14:33:57","modified_gmt":"2016-08-18T11:33:57","slug":"pmp-cere-comisie-de-ancheta-la-asf-si-desfiintarea-cnadnr","status":"publish","type":"post","link":"https:\/\/analyse.optim.biz\/?p=161363","title":{"rendered":"PMP cere comisie de anchet\u0103 la ASF \u015fi desfiin\u0163area CNADNR"},"content":{"rendered":"<div class=\"entry data-app-meta data-app-meta-article\" data-embed-base-url-canonical=\"https:\/\/www.digi24.ro\/embed\/stiri\/actualitate\/politica\/pmp-cere-comisie-de-ancheta-la-asf-si-desfiintarea-cnadnr-551075\">\n<p data-index=\"1\">Pre\u015fedintele executiv al PMP, Valeriu Steriu, a declarat joi c\u0103 parlamentarii forma\u0163iunii vor cere \u00eenfiin\u0163area unei comisii de anchet\u0103 \u00een Parlament care s\u0103 verifice cum au fost cheltui\u0163i banii din cadrul Autorit\u0103\u0163ii de Supraveghere Financiar\u0103, iar PMP propune desfiin\u0163area CNADNR care este o institu\u0163ie care nu performeaz\u0103.<\/p>\n<p data-index=\"2\"><img loading=\"lazy\" decoding=\"async\" class=\"alignnone size-full wp-image-551079\" src=\"https:\/\/analyse.optim.biz\/wp-content\/uploads\/2024\/09\/ownizmu0ngi5mmrkmjy4mmfkzti1mjhlmwez-thumb_.jpg\" alt=\"valeriu steriu\" width=\"433\" height=\"297\" data-skip-htmlfix=\"1\" title=\"ownizmu0ngi5mmrkmjy4mmfkzti1mjhlmwez-thumb_\"><\/p>\n<p data-index=\"3\">\u201dDe la 1 septembrie vom propune Parlamentului o comisie special\u0103 de anchet\u0103 pe acest domeniu, al asigur\u0103rilor, pentru a vedea pe ce se duc banii din ASF \u00een salariile acelea absolut \u00eengrijor\u0103toare pentru rom\u00e2ni c\u0103 dep\u0103\u015fesc orice limit\u0103 de bun sim\u0163\u201d, a declarat Steriu, citat de news.ro<\/p>\n<p data-index=\"4\">Steriu a mai spus c\u0103 motivul pentru care RCA-ul s-a scumpit ar fi ASF, care nu \u015fi-a f\u0103cut treaba.<\/p>\n<p data-index=\"5\">\u201dASF este institu\u0163ia controlat\u0103 politic de oameni pl\u0103ti\u0163i cu zeci de mii de euro pe lun\u0103 din aceste RCA-uri. De aici vine \u00eentrebarea: ce au p\u0103zit ace\u015fti domni?\u201d, a mai spus pre\u015fedintele executiv al PMP.<\/p>\n<p data-index=\"6\">De asemenea, Steriu a reamintit c\u0103 doar \u00een ultimii patru ani \u00een Rom\u00e2nioa au fost nou\u0103 mini\u015ftri ai Transporturilor care au fost \u201dscalvii\u201d CNADNR.<\/p>\n<p data-index=\"7\">\u201dAproape \u00een orice weekend DN1 se blocheaz\u0103, drumul c\u0103tre mare creeaz\u0103 accidente, ambuteiaje. Vorbim de lips\u0103 de infrastructur\u0103, de probleme grave \u00een viziunea de transport. Am r\u0103mas uimit s\u0103 v\u0103d c\u0103 \u00een ultimii patru ani au fost nou\u0103 mini\u015ftri ai transporturilor.Nu avem de la ace\u015fti mini\u015ftri, schimba\u0163i la fiecare cinci luni, nici m\u0103care cinci kilometri de autostrad\u0103. Dac\u0103 f\u0103ceau un kilometru pe lun\u0103, aveam \u015fi noi mult mai mult\u201d, a mai spsu Steriu.<\/p>\n<p data-index=\"8\">El a cerut premierului Dacian Ciolo\u015f s\u0103 ia urgent m\u0103suri \u00een ceea ce priv\u015fte CNADNR.<\/p>\n<p data-index=\"9\">\u201dPMP propune desfiin\u0163area CNADNR \u015fi g\u0103sirea altor solu\u0163ii viabile pentru ca rom\u00e2nii s\u0103 nu mai stea nici la anul, nici peste doi ani la coad\u0103. Vorbim de zero euro absorbi\u0163i. Oamenii ace\u015ftia nu au putut genera proiecte europene s\u0103 construiasc\u0103 autostr\u0103zi. Problema este c\u0103 nu au generat nici h\u00e2rtii pentru ca la anul viitorul guvern s\u0103 aib\u0103 ce construi\u201d, a conchis Steriu.<\/p>\n<\/div>\n<p> Source URL: https:\/\/www.digi24.ro\/stiri\/actualitate\/politica\/pmp-cere-comisie-de-ancheta-la-asf-si-desfiintarea-cnadnr-551075<\/p>\n","protected":false},"excerpt":{"rendered":"<p>Pre\u015fedintele executiv al PMP, Valeriu Steriu, a declarat joi c\u0103 parlamentarii forma\u0163iunii vor cere \u00eenfiin\u0163area unei comisii de anchet\u0103 \u00een Parlament care s\u0103 verifice cum au fost cheltui\u0163i banii din cadrul Autorit\u0103\u0163ii de Supraveghere Financiar\u0103, iar PMP propune desfiin\u0163area CNADNR care este o institu\u0163ie care nu performeaz\u0103. \u201dDe la 1 septembrie vom propune Parlamentului o [&hellip;]<\/p>\n","protected":false},"author":1,"featured_media":161364,"comment_status":"open","ping_status":"","sticky":false,"template":"","format":"standard","meta":{"footnotes":""},"categories":[2],"tags":[11],"class_list":["post-161363","post","type-post","status-publish","format-standard","has-post-thumbnail","hentry","category-politics","tag-digi24"],"_links":{"self":[{"href":"https:\/\/analyse.optim.biz\/index.php?rest_route=\/wp\/v2\/posts\/161363","targetHints":{"allow":["GET"]}}],"collection":[{"href":"https:\/\/analyse.optim.biz\/index.php?rest_route=\/wp\/v2\/posts"}],"about":[{"href":"https:\/\/analyse.optim.biz\/index.php?rest_route=\/wp\/v2\/types\/post"}],"author":[{"embeddable":true,"href":"https:\/\/analyse.optim.biz\/index.php?rest_route=\/wp\/v2\/users\/1"}],"replies":[{"embeddable":true,"href":"https:\/\/analyse.optim.biz\/index.php?rest_route=%2Fwp%2Fv2%2Fcomments&post=161363"}],"version-history":[{"count":0,"href":"https:\/\/analyse.optim.biz\/index.php?rest_route=\/wp\/v2\/posts\/161363\/revisions"}],"wp:featuredmedia":[{"embeddable":true,"href":"https:\/\/analyse.optim.biz\/index.php?rest_route=\/wp\/v2\/media\/161364"}],"wp:attachment":[{"href":"https:\/\/analyse.optim.biz\/index.php?rest_route=%2Fwp%2Fv2%2Fmedia&parent=161363"}],"wp:term":[{"taxonomy":"category","embeddable":true,"href":"https:\/\/analyse.optim.biz\/index.php?rest_route=%2Fwp%2Fv2%2Fcategories&post=161363"},{"taxonomy":"post_tag","embeddable":true,"href":"https:\/\/analyse.optim.biz\/index.php?rest_route=%2Fwp%2Fv2%2Ftags&post=161363"}],"curies":[{"name":"wp","href":"https:\/\/api.w.org\/{rel}","templated":true}]}}